{"id":5847,"date":"2025-03-07T10:29:43","date_gmt":"2025-03-07T09:29:43","guid":{"rendered":"https:\/\/www.galistra.pl\/unkategorisiert\/wohnanlage-aus-sechs-mehrfamilienhaeusern-in-wieliczka\/"},"modified":"2025-12-09T12:21:38","modified_gmt":"2025-12-09T11:21:38","slug":"wohnanlage-aus-sechs-mehrfamilienhaeusern-in-wieliczka","status":"publish","type":"post","link":"https:\/\/www.galistra.pl\/de\/projekte\/wohnanlage-aus-sechs-mehrfamilienhaeusern-in-wieliczka\/","title":{"rendered":"Wohnanlage aus sechs Mehrfamilienh\u00e4usern in Wieliczka"},"content":{"rendered":"\n<p class=\"has-white-color has-cyan-bluish-gray-background-color has-text-color has-background\"><strong>LEISTUNGSUMFANG<\/strong>:<\/p>\n\n<p class=\"has-white-color has-cyan-bluish-gray-background-color has-text-color has-background\"><strong>KENNZAHLEN<\/strong>:<\/p>\n\n<p class=\"has-white-color has-cyan-bluish-gray-background-color has-text-color has-background\"><strong>PLANUNGSZEITRAUM<\/strong>:<\/p>\n\n<p class=\"has-white-color has-cyan-bluish-gray-background-color has-text-color has-background\"><strong>ARCHITEKTUR<\/strong>: <\/p>\n\n<figure class=\"wp-block-gallery aligncenter has-nested-images columns-3 wp-block-gallery-1 is-layout-flex wp-block-gallery-is-layout-flex\">\n<figure class=\"wp-block-image size-full is-style-default\"><img loading=\"lazy\" decoding=\"async\" width=\"2500\" height=\"1407\" data-id=\"5621\" src=\"https:\/\/www.galistra.pl\/wp-content\/uploads\/2025\/03\/WIZ1_podpis.jpg\" alt=\"\" class=\"wp-image-5621\" srcset=\"https:\/\/www.galistra.pl\/wp-content\/uploads\/2025\/03\/WIZ1_podpis.jpg 2500w, https:\/\/www.galistra.pl\/wp-content\/uploads\/2025\/03\/WIZ1_podpis-768x432.jpg 768w, https:\/\/www.galistra.pl\/wp-content\/uploads\/2025\/03\/WIZ1_podpis-1536x864.jpg 1536w, https:\/\/www.galistra.pl\/wp-content\/uploads\/2025\/03\/WIZ1_podpis-2048x1153.jpg 2048w\" sizes=\"auto, (max-width: 2500px) 100vw, 2500px\" \/><\/figure>\n\n\n<figure class=\"wp-block-image size-full is-style-default\"><img loading=\"lazy\" decoding=\"async\" width=\"2500\" height=\"1407\" data-id=\"5624\" src=\"https:\/\/www.galistra.pl\/wp-content\/uploads\/2025\/03\/WIZ3_podpis.jpg\" alt=\"\" class=\"wp-image-5624\" srcset=\"https:\/\/www.galistra.pl\/wp-content\/uploads\/2025\/03\/WIZ3_podpis.jpg 2500w, https:\/\/www.galistra.pl\/wp-content\/uploads\/2025\/03\/WIZ3_podpis-768x432.jpg 768w, https:\/\/www.galistra.pl\/wp-content\/uploads\/2025\/03\/WIZ3_podpis-1536x864.jpg 1536w, https:\/\/www.galistra.pl\/wp-content\/uploads\/2025\/03\/WIZ3_podpis-2048x1153.jpg 2048w\" sizes=\"auto, (max-width: 2500px) 100vw, 2500px\" \/><\/figure>\n\n\n<figure class=\"wp-block-image size-full is-style-default\"><img loading=\"lazy\" decoding=\"async\" width=\"2560\" height=\"1441\" data-id=\"5627\" src=\"https:\/\/www.galistra.pl\/wp-content\/uploads\/2025\/03\/WIZ5_podpis-scaled.jpg\" alt=\"\" class=\"wp-image-5627\" srcset=\"https:\/\/www.galistra.pl\/wp-content\/uploads\/2025\/03\/WIZ5_podpis-scaled.jpg 2560w, https:\/\/www.galistra.pl\/wp-content\/uploads\/2025\/03\/WIZ5_podpis-768x432.jpg 768w, https:\/\/www.galistra.pl\/wp-content\/uploads\/2025\/03\/WIZ5_podpis-1536x865.jpg 1536w, https:\/\/www.galistra.pl\/wp-content\/uploads\/2025\/03\/WIZ5_podpis-2048x1153.jpg 2048w\" sizes=\"auto, (max-width: 2560px) 100vw, 2560px\" \/><\/figure><\/figure>\n\n<p>Das Projekt umfasste sechs moderne Mehrfamilienh\u00e4user mit Tiefgaragen.<br\/>\ud83d\udd39 5 Geb\u00e4ude: 1 Untergeschoss, 5 Obergeschosse sowie nicht ausgebautes Dachgeschoss.<br\/>\ud83d\udd39 1 Geb\u00e4ude: 1 Untergeschoss, 4 Obergeschosse sowie nicht ausgebautes Dachgeschoss. Insgesamt bietet die Siedlung 182 Wohnungen:<br\/>\ud83c\udfe1 B1 \u2013 25 Wohnungen<br\/>\ud83c\udfe1 B2 \u2013 25 Wohnungen<br\/>\ud83c\udfe1 B3 \u2013 35 Wohnungen<br\/>\ud83c\udfe1 B4 \u2013 25 Wohnungen<br\/>\ud83c\udfe1 B5 \u2013 40 Wohnungen<br\/>\ud83c\udfe1 B6 \u2013 32 Wohnungen<\/p>\n\n<p><\/p>\n","protected":false},"excerpt":{"rendered":"<p>LEISTUNGSUMFANG: KENNZAHLEN: PLANUNGSZEITRAUM: ARCHITEKTUR: Das Projekt umfasste sechs moderne Mehrfamilienh\u00e4user mit Tiefgaragen.\ud83d\udd39 5 Geb\u00e4ude: 1 Untergeschoss, 5 Obergeschosse sowie nicht ausgebautes Dachgeschoss.\ud83d\udd39 1 Geb\u00e4ude: 1 Untergeschoss, 4 Obergeschosse sowie nicht ausgebautes Dachgeschoss. Insgesamt bietet die Siedlung 182 Wohnungen:\ud83c\udfe1 B1 \u2013 25 Wohnungen\ud83c\udfe1 B2 \u2013 25 Wohnungen\ud83c\udfe1 B3 \u2013 35 Wohnungen\ud83c\udfe1 B4 \u2013 25 Wohnungen\ud83c\udfe1 B5 [&hellip;]<\/p>\n","protected":false},"author":3,"featured_media":5629,"comment_status":"open","ping_status":"open","sticky":false,"template":"","format":"standard","meta":{"_acf_changed":false,"advgb_blocks_editor_width":"","advgb_blocks_columns_visual_guide":"","footnotes":""},"categories":[45,46],"tags":[],"class_list":["post-5847","post","type-post","status-publish","format-standard","has-post-thumbnail","hentry","category-projekte","category-projekte-top"],"acf":[],"aioseo_notices":[],"author_meta":{"display_name":"galistra","author_link":"https:\/\/www.galistra.pl\/de\/author\/galistra\/"},"featured_img":"https:\/\/www.galistra.pl\/wp-content\/uploads\/2025\/03\/WIZ5_podpis-scaled.jpg","coauthors":[],"tax_additional":{"categories":{"linked":["<a href=\"https:\/\/www.galistra.pl\/de\/kat\/projekte\/\" class=\"advgb-post-tax-term\">Projekte<\/a>","<a href=\"https:\/\/www.galistra.pl\/de\/kat\/projekte-top\/\" class=\"advgb-post-tax-term\">Projekte TOP<\/a>"],"unlinked":["<span class=\"advgb-post-tax-term\">Projekte<\/span>","<span class=\"advgb-post-tax-term\">Projekte TOP<\/span>"]}},"comment_count":"0","relative_dates":{"created":"Ver\u00f6ffentlicht 1\u00a0Jahr vor","modified":"Aktualisiert 5\u00a0Monaten vor"},"absolute_dates":{"created":"Ver\u00f6ffentlicht am 7 M\u00e4rz 2025","modified":"Aktualisiert am 9 Dezember 2025"},"absolute_dates_time":{"created":"Ver\u00f6ffentlicht am 7 M\u00e4rz 2025 10:29","modified":"Aktualisiert am 9 Dezember 2025 12:21"},"featured_img_caption":"","series_order":"","_links":{"self":[{"href":"https:\/\/www.galistra.pl\/de\/wp-json\/wp\/v2\/posts\/5847","targetHints":{"allow":["GET"]}}],"collection":[{"href":"https:\/\/www.galistra.pl\/de\/wp-json\/wp\/v2\/posts"}],"about":[{"href":"https:\/\/www.galistra.pl\/de\/wp-json\/wp\/v2\/types\/post"}],"author":[{"embeddable":true,"href":"https:\/\/www.galistra.pl\/de\/wp-json\/wp\/v2\/users\/3"}],"replies":[{"embeddable":true,"href":"https:\/\/www.galistra.pl\/de\/wp-json\/wp\/v2\/comments?post=5847"}],"version-history":[{"count":1,"href":"https:\/\/www.galistra.pl\/de\/wp-json\/wp\/v2\/posts\/5847\/revisions"}],"predecessor-version":[{"id":5848,"href":"https:\/\/www.galistra.pl\/de\/wp-json\/wp\/v2\/posts\/5847\/revisions\/5848"}],"wp:featuredmedia":[{"embeddable":true,"href":"https:\/\/www.galistra.pl\/de\/wp-json\/wp\/v2\/media\/5629"}],"wp:attachment":[{"href":"https:\/\/www.galistra.pl\/de\/wp-json\/wp\/v2\/media?parent=5847"}],"wp:term":[{"taxonomy":"category","embeddable":true,"href":"https:\/\/www.galistra.pl\/de\/wp-json\/wp\/v2\/categories?post=5847"},{"taxonomy":"post_tag","embeddable":true,"href":"https:\/\/www.galistra.pl\/de\/wp-json\/wp\/v2\/tags?post=5847"}],"curies":[{"name":"wp","href":"https:\/\/api.w.org\/{rel}","templated":true}]}}