{"id":5901,"date":"2023-08-31T07:45:12","date_gmt":"2023-08-31T05:45:12","guid":{"rendered":"https:\/\/www.galistra.pl\/unkategorisiert\/bachleda-club-residence-in-zakopane\/"},"modified":"2025-12-09T16:19:42","modified_gmt":"2025-12-09T15:19:42","slug":"bachleda-club-residence-in-zakopane","status":"publish","type":"post","link":"https:\/\/www.galistra.pl\/de\/projekte\/bachleda-club-residence-in-zakopane\/","title":{"rendered":"Bachleda Club Residence in Zakopane"},"content":{"rendered":"\n<p class=\"has-white-color has-cyan-bluish-gray-background-color has-text-color has-background\"><strong>LEISTUNGSUMFANG<\/strong>:<br\/>Baugenehmigungsplanung \/ Ausf\u00fchrungsplanung<\/p>\n\n<p class=\"has-white-color has-cyan-bluish-gray-background-color has-text-color has-background\"><strong>PARAMETER<\/strong>:<br\/>Gesamtfl\u00e4che: 16 000 m2<\/p>\n\n<p class=\"has-white-color has-cyan-bluish-gray-background-color has-text-color has-background\"><strong>PLANUNGSZEITRAUM<\/strong>:<br\/>Baugenehmigungsplanung: Mai &#8211; Juni 2016 \/ Ausf\u00fchrungsplanung: Januar &#8211; Mai 2017<\/p>\n\n<p class=\"has-white-color has-cyan-bluish-gray-background-color has-text-color has-background\"><strong>ARCHITEKTUR<\/strong>:<br\/>Karpiel Steindel Architektura<br\/>ARCHI-STA Zygmunt Staszel<\/p>\n\n<figure class=\"wp-block-gallery aligncenter columns-3 wp-block-gallery-1\"><ul class=\"blocks-gallery-grid\"><li class=\"blocks-gallery-item\"><figure><img loading=\"lazy\" decoding=\"async\" width=\"1600\" height=\"1000\" src=\"https:\/\/www.galistra.pl\/wp-content\/uploads\/2021\/04\/BRC_8.jpg\" alt=\"\" data-id=\"1546\" data-link=\"https:\/\/www.galistra.pl\/projekty\/bachleda-club-residence-zakopane\/attachment\/brc_8\/\" class=\"wp-image-1546\" srcset=\"https:\/\/www.galistra.pl\/wp-content\/uploads\/2021\/04\/BRC_8.jpg 1600w, https:\/\/www.galistra.pl\/wp-content\/uploads\/2021\/04\/BRC_8-768x480.jpg 768w, https:\/\/www.galistra.pl\/wp-content\/uploads\/2021\/04\/BRC_8-1536x960.jpg 1536w\" sizes=\"auto, (max-width: 1600px) 100vw, 1600px\" \/><figcaption class=\"blocks-gallery-item__caption\">Foto: Pawe\u0142 Ulatowski<\/figcaption><\/figure><\/li><li class=\"blocks-gallery-item\"><figure><img loading=\"lazy\" decoding=\"async\" width=\"800\" height=\"500\" src=\"https:\/\/www.galistra.pl\/wp-content\/uploads\/2021\/04\/bachleda_budynekA-2.jpg\" alt=\"\" data-id=\"1549\" data-full-url=\"https:\/\/www.galistra.pl\/wp-content\/uploads\/2021\/04\/bachleda_budynekA-2.jpg\" data-link=\"https:\/\/www.galistra.pl\/projekty\/bachleda-club-residence-zakopane\/attachment\/bachleda_budyneka-2\/\" class=\"wp-image-1549\" srcset=\"https:\/\/www.galistra.pl\/wp-content\/uploads\/2021\/04\/bachleda_budynekA-2.jpg 800w, https:\/\/www.galistra.pl\/wp-content\/uploads\/2021\/04\/bachleda_budynekA-2-768x480.jpg 768w\" sizes=\"auto, (max-width: 800px) 100vw, 800px\" \/><\/figure><\/li><li class=\"blocks-gallery-item\"><figure><img loading=\"lazy\" decoding=\"async\" width=\"900\" height=\"550\" src=\"https:\/\/www.galistra.pl\/wp-content\/uploads\/2021\/03\/wersal_f_8_900_1.jpg\" alt=\"\" data-id=\"92\" data-link=\"https:\/\/www.galistra.pl\/?attachment_id=92\" class=\"wp-image-92\" srcset=\"https:\/\/www.galistra.pl\/wp-content\/uploads\/2021\/03\/wersal_f_8_900_1.jpg 900w, https:\/\/www.galistra.pl\/wp-content\/uploads\/2021\/03\/wersal_f_8_900_1-768x469.jpg 768w\" sizes=\"auto, (max-width: 900px) 100vw, 900px\" \/><\/figure><\/li><li class=\"blocks-gallery-item\"><figure><img loading=\"lazy\" decoding=\"async\" width=\"800\" height=\"500\" src=\"https:\/\/www.galistra.pl\/wp-content\/uploads\/2021\/04\/bcr-winter-1-1.jpg\" alt=\"\" data-id=\"1550\" data-full-url=\"https:\/\/www.galistra.pl\/wp-content\/uploads\/2021\/04\/bcr-winter-1-1.jpg\" data-link=\"https:\/\/www.galistra.pl\/projekty\/bachleda-club-residence-zakopane\/attachment\/bcr-winter-1-1\/\" class=\"wp-image-1550\" srcset=\"https:\/\/www.galistra.pl\/wp-content\/uploads\/2021\/04\/bcr-winter-1-1.jpg 800w, https:\/\/www.galistra.pl\/wp-content\/uploads\/2021\/04\/bcr-winter-1-1-768x480.jpg 768w\" sizes=\"auto, (max-width: 800px) 100vw, 800px\" \/><\/figure><\/li><li class=\"blocks-gallery-item\"><figure><img loading=\"lazy\" decoding=\"async\" width=\"1024\" height=\"682\" src=\"https:\/\/www.galistra.pl\/wp-content\/uploads\/2021\/04\/DSC06930-1024x682-1.jpg\" alt=\"\" data-id=\"1548\" data-link=\"https:\/\/www.galistra.pl\/projekty\/bachleda-club-residence-zakopane\/attachment\/dsc06930-1024x682-1\/\" class=\"wp-image-1548\" srcset=\"https:\/\/www.galistra.pl\/wp-content\/uploads\/2021\/04\/DSC06930-1024x682-1.jpg 1024w, https:\/\/www.galistra.pl\/wp-content\/uploads\/2021\/04\/DSC06930-1024x682-1-768x512.jpg 768w\" sizes=\"auto, (max-width: 1024px) 100vw, 1024px\" \/><\/figure><\/li><li class=\"blocks-gallery-item\"><figure><img loading=\"lazy\" decoding=\"async\" width=\"1024\" height=\"682\" src=\"https:\/\/www.galistra.pl\/wp-content\/uploads\/2021\/04\/DSC06882-1024x682-1.jpg\" alt=\"\" data-id=\"1547\" data-link=\"https:\/\/www.galistra.pl\/projekty\/bachleda-club-residence-zakopane\/attachment\/dsc06882-1024x682-1\/\" class=\"wp-image-1547\" srcset=\"https:\/\/www.galistra.pl\/wp-content\/uploads\/2021\/04\/DSC06882-1024x682-1.jpg 1024w, https:\/\/www.galistra.pl\/wp-content\/uploads\/2021\/04\/DSC06882-1024x682-1-768x512.jpg 768w\" sizes=\"auto, (max-width: 1024px) 100vw, 1024px\" \/><\/figure><\/li><li class=\"blocks-gallery-item\"><figure><img loading=\"lazy\" decoding=\"async\" width=\"900\" height=\"550\" src=\"https:\/\/www.galistra.pl\/wp-content\/uploads\/2021\/03\/wersal_f_4_900_1.jpg\" alt=\"\" data-id=\"88\" data-link=\"https:\/\/www.galistra.pl\/?attachment_id=88\" class=\"wp-image-88\" srcset=\"https:\/\/www.galistra.pl\/wp-content\/uploads\/2021\/03\/wersal_f_4_900_1.jpg 900w, https:\/\/www.galistra.pl\/wp-content\/uploads\/2021\/03\/wersal_f_4_900_1-768x469.jpg 768w\" sizes=\"auto, (max-width: 900px) 100vw, 900px\" \/><\/figure><\/li><li class=\"blocks-gallery-item\"><figure><img loading=\"lazy\" decoding=\"async\" width=\"900\" height=\"550\" src=\"https:\/\/www.galistra.pl\/wp-content\/uploads\/2021\/03\/wersal_f_6_900_1.jpg\" alt=\"\" data-id=\"90\" data-link=\"https:\/\/www.galistra.pl\/?attachment_id=90\" class=\"wp-image-90\" srcset=\"https:\/\/www.galistra.pl\/wp-content\/uploads\/2021\/03\/wersal_f_6_900_1.jpg 900w, https:\/\/www.galistra.pl\/wp-content\/uploads\/2021\/03\/wersal_f_6_900_1-768x469.jpg 768w\" sizes=\"auto, (max-width: 900px) 100vw, 900px\" \/><\/figure><\/li><li class=\"blocks-gallery-item\"><figure><img loading=\"lazy\" decoding=\"async\" width=\"900\" height=\"550\" src=\"https:\/\/www.galistra.pl\/wp-content\/uploads\/2021\/03\/wersal_f_9_900_1.jpg\" alt=\"\" data-id=\"93\" data-link=\"https:\/\/www.galistra.pl\/?attachment_id=93\" class=\"wp-image-93 is-layout-flex wp-block-gallery-is-layout-flex\" srcset=\"https:\/\/www.galistra.pl\/wp-content\/uploads\/2021\/03\/wersal_f_9_900_1.jpg 900w, https:\/\/www.galistra.pl\/wp-content\/uploads\/2021\/03\/wersal_f_9_900_1-768x469.jpg 768w\" sizes=\"auto, (max-width: 900px) 100vw, 900px\" \/><\/figure><\/li><\/ul><\/figure>\n<p>Das Objekt besteht aus zwei Teilen: einer mit acht, der andere mit sieben Geschossen. Dies ergibt sich daraus, dass Segment &#8218;A&#8216; \u00fcber zwei Untergeschosse verf\u00fcgt, Segment &#8218;B&#8216; hingegen \u00fcber eines. Die Segmente sind konstruktiv voneinander dilatiert, was ihre gegenseitige Unabh\u00e4ngigkeit gew\u00e4hrleistet. Zus\u00e4tzlich wurde eine Dehnungsfuge zwischen dem Verbindungsbau und einem Teil des Segments &#8218;A&#8216; angeordnet.   <br\/><\/p>\n\n<p>Die Queraussteifung des Geb\u00e4udes wird durch Stahlbetonwandscheiben in Verbindung mit monolithischen Stahlbetondecken sichergestellt. Die Gr\u00fcndung erfolgt mittels einer Stahlbetonbodenplatte mit Verst\u00e4rkungen unter St\u00fctzen und W\u00e4nden. Das Tragwerk der oberirdischen Geschosse besteht haupts\u00e4chlich aus Stahlbetonw\u00e4nden, -st\u00fctzen, -balken sowie monolithischen Decken. Zudem wurde entschieden, das Dach mit Spannbeton-Hohldielen (HC-320) auszuf\u00fchren.   <\/p>\n","protected":false},"excerpt":{"rendered":"<p>LEISTUNGSUMFANG:Baugenehmigungsplanung \/ Ausf\u00fchrungsplanung PARAMETER:Gesamtfl\u00e4che: 16 000 m2 PLANUNGSZEITRAUM:Baugenehmigungsplanung: Mai &#8211; Juni 2016 \/ Ausf\u00fchrungsplanung: Januar &#8211; Mai 2017 ARCHITEKTUR:Karpiel Steindel ArchitekturaARCHI-STA Zygmunt Staszel Das Objekt besteht aus zwei Teilen: einer mit acht, der andere mit sieben Geschossen. Dies ergibt sich daraus, dass Segment &#8218;A&#8216; \u00fcber zwei Untergeschosse verf\u00fcgt, Segment &#8218;B&#8216; hingegen \u00fcber eines. Die Segmente [&hellip;]<\/p>\n","protected":false},"author":1,"featured_media":4485,"comment_status":"open","ping_status":"open","sticky":false,"template":"","format":"standard","meta":{"_acf_changed":false,"advgb_blocks_editor_width":"","advgb_blocks_columns_visual_guide":"","footnotes":""},"categories":[45,46],"tags":[],"class_list":["post-5901","post","type-post","status-publish","format-standard","has-post-thumbnail","hentry","category-projekte","category-projekte-top"],"acf":[],"aioseo_notices":[],"author_meta":{"display_name":"nf","author_link":"https:\/\/www.galistra.pl\/de\/author\/nf\/"},"featured_img":"https:\/\/www.galistra.pl\/wp-content\/uploads\/2021\/04\/BRC_8.jpg","coauthors":[],"tax_additional":{"categories":{"linked":["<a href=\"https:\/\/www.galistra.pl\/de\/kat\/projekte\/\" class=\"advgb-post-tax-term\">Projekte<\/a>","<a href=\"https:\/\/www.galistra.pl\/de\/kat\/projekte-top\/\" class=\"advgb-post-tax-term\">Projekte TOP<\/a>"],"unlinked":["<span class=\"advgb-post-tax-term\">Projekte<\/span>","<span class=\"advgb-post-tax-term\">Projekte TOP<\/span>"]}},"comment_count":"0","relative_dates":{"created":"Ver\u00f6ffentlicht 3\u00a0Jahren vor","modified":"Aktualisiert 5\u00a0Monaten vor"},"absolute_dates":{"created":"Ver\u00f6ffentlicht am 31 August 2023","modified":"Aktualisiert am 9 Dezember 2025"},"absolute_dates_time":{"created":"Ver\u00f6ffentlicht am 31 August 2023 07:45","modified":"Aktualisiert am 9 Dezember 2025 16:19"},"featured_img_caption":"","series_order":"","_links":{"self":[{"href":"https:\/\/www.galistra.pl\/de\/wp-json\/wp\/v2\/posts\/5901","targetHints":{"allow":["GET"]}}],"collection":[{"href":"https:\/\/www.galistra.pl\/de\/wp-json\/wp\/v2\/posts"}],"about":[{"href":"https:\/\/www.galistra.pl\/de\/wp-json\/wp\/v2\/types\/post"}],"author":[{"embeddable":true,"href":"https:\/\/www.galistra.pl\/de\/wp-json\/wp\/v2\/users\/1"}],"replies":[{"embeddable":true,"href":"https:\/\/www.galistra.pl\/de\/wp-json\/wp\/v2\/comments?post=5901"}],"version-history":[{"count":1,"href":"https:\/\/www.galistra.pl\/de\/wp-json\/wp\/v2\/posts\/5901\/revisions"}],"predecessor-version":[{"id":5902,"href":"https:\/\/www.galistra.pl\/de\/wp-json\/wp\/v2\/posts\/5901\/revisions\/5902"}],"wp:featuredmedia":[{"embeddable":true,"href":"https:\/\/www.galistra.pl\/de\/wp-json\/wp\/v2\/media\/4485"}],"wp:attachment":[{"href":"https:\/\/www.galistra.pl\/de\/wp-json\/wp\/v2\/media?parent=5901"}],"wp:term":[{"taxonomy":"category","embeddable":true,"href":"https:\/\/www.galistra.pl\/de\/wp-json\/wp\/v2\/categories?post=5901"},{"taxonomy":"post_tag","embeddable":true,"href":"https:\/\/www.galistra.pl\/de\/wp-json\/wp\/v2\/tags?post=5901"}],"curies":[{"name":"wp","href":"https:\/\/api.w.org\/{rel}","templated":true}]}}