{"id":5905,"date":"2023-08-30T19:45:15","date_gmt":"2023-08-30T17:45:15","guid":{"rendered":"https:\/\/www.galistra.pl\/unkategorisiert\/mehrfamilienhaus-in-zakopane\/"},"modified":"2025-12-09T16:24:23","modified_gmt":"2025-12-09T15:24:23","slug":"mehrfamilienhaus-in-zakopane","status":"publish","type":"post","link":"https:\/\/www.galistra.pl\/de\/projekte\/mehrfamilienhaus-in-zakopane\/","title":{"rendered":"Mehrfamilienhaus in Zakopane"},"content":{"rendered":"\n<p class=\"has-white-color has-cyan-bluish-gray-background-color has-text-color has-background\"><strong>LEISTUNGSUMFANG<\/strong>:<br\/>Ausf\u00fchrungsplanung<\/p>\n\n<p class=\"has-white-color has-cyan-bluish-gray-background-color has-text-color has-background\"><strong>PARAMETER<\/strong>:<br\/>Gesamtfl\u00e4che: 2 000 m2<\/p>\n\n<p class=\"has-white-color has-cyan-bluish-gray-background-color has-text-color has-background\"><strong>PLANUNGSZEITRAUM<\/strong>:<br\/>Ausf\u00fchrungsplanung: Dezember 2023 &#8211; M\u00e4rz 2024<\/p>\n\n<p class=\"has-white-color has-cyan-bluish-gray-background-color has-text-color has-background\"><strong>ARCHITEKTUR<\/strong>:<br\/>ILIARD<\/p>\n\n<figure class=\"wp-block-gallery has-nested-images columns-3 is-cropped wp-block-gallery-1 is-layout-flex wp-block-gallery-is-layout-flex advgb-dyn-52ebd1ed\">\n<figure class=\"wp-block-image size-full is-style-default\"><img loading=\"lazy\" decoding=\"async\" width=\"2000\" height=\"1283\" data-id=\"2450\" src=\"https:\/\/www.galistra.pl\/wp-content\/uploads\/2024\/04\/2023-01-30_WIT_WIZ1_.webp\" alt=\"\" class=\"wp-image-2450\" srcset=\"https:\/\/www.galistra.pl\/wp-content\/uploads\/2024\/04\/2023-01-30_WIT_WIZ1_.webp 2000w, https:\/\/www.galistra.pl\/wp-content\/uploads\/2024\/04\/2023-01-30_WIT_WIZ1_-768x493.webp 768w, https:\/\/www.galistra.pl\/wp-content\/uploads\/2024\/04\/2023-01-30_WIT_WIZ1_-1536x985.webp 1536w\" sizes=\"auto, (max-width: 2000px) 100vw, 2000px\" \/><\/figure>\n\n\n<figure class=\"wp-block-image size-full is-style-default\"><img loading=\"lazy\" decoding=\"async\" width=\"2000\" height=\"1283\" data-id=\"2451\" src=\"https:\/\/www.galistra.pl\/wp-content\/uploads\/2024\/04\/2023-01-30_WIT_WIZ2_.webp\" alt=\"\" class=\"wp-image-2451\" srcset=\"https:\/\/www.galistra.pl\/wp-content\/uploads\/2024\/04\/2023-01-30_WIT_WIZ2_.webp 2000w, https:\/\/www.galistra.pl\/wp-content\/uploads\/2024\/04\/2023-01-30_WIT_WIZ2_-768x493.webp 768w, https:\/\/www.galistra.pl\/wp-content\/uploads\/2024\/04\/2023-01-30_WIT_WIZ2_-1536x985.webp 1536w\" sizes=\"auto, (max-width: 2000px) 100vw, 2000px\" \/><\/figure>\n\n\n<figure class=\"wp-block-image size-full is-style-default\"><img loading=\"lazy\" decoding=\"async\" width=\"1656\" height=\"1062\" data-id=\"2452\" src=\"https:\/\/www.galistra.pl\/wp-content\/uploads\/2024\/04\/220719_WIT_Z_4.jpg\" alt=\"\" class=\"wp-image-2452\" srcset=\"https:\/\/www.galistra.pl\/wp-content\/uploads\/2024\/04\/220719_WIT_Z_4.jpg 1656w, https:\/\/www.galistra.pl\/wp-content\/uploads\/2024\/04\/220719_WIT_Z_4-768x493.jpg 768w, https:\/\/www.galistra.pl\/wp-content\/uploads\/2024\/04\/220719_WIT_Z_4-1536x985.jpg 1536w\" sizes=\"auto, (max-width: 1656px) 100vw, 1656px\" \/><\/figure><\/figure>\n\n<p>Ein an der Witkiewicza-Stra\u00dfe in Zakopane entworfenes Geb\u00e4ude mit sechs Geschossen, davon ein Untergeschoss. Die Ebene -1 ist als Tiefgarage vorgesehen. Im Erdgeschoss befinden sich eine Gewerbeeinheit mit Sozialr\u00e4umen sowie Parkpl\u00e4tze. Die \u00fcbrigen Etagen beherbergen Wohneinheiten. Auf dem Flachdach ist ein Erholungsbereich vorgesehen. Das Geb\u00e4ude wurde auf einer 40 cm starken Bodenplatte mit lokalen Vertiefungen gegr\u00fcndet. Die Tragkonstruktion des Untergeschosses besteht aus Stahlbetonw\u00e4nden und -st\u00fctzen. Die tragenden Elemente der oberirdischen Geschosse bestehen aus Stahlbetonw\u00e4nden und -scheiben, Mauerwerksw\u00e4nden (in den obersten Geschossen) sowie Stahlbetonst\u00fctzen und -balken. Die Decken \u00fcber den Ebenen -1 und 0 wurden als Abfangdecken mit einer St\u00e4rke von 35 cm geplant. Alle Stahlbetondecken sind monolithisch ausgef\u00fchrt. Ein Teil des Geb\u00e4udes besitzt ein Stahlbetonflachdach mit Attika. Der \u00fcbrige Teil weist ein Satteldach als h\u00f6lzerne Sparrenkonstruktion auf.           <\/p>\n","protected":false},"excerpt":{"rendered":"<p>LEISTUNGSUMFANG:Ausf\u00fchrungsplanung PARAMETER:Gesamtfl\u00e4che: 2 000 m2 PLANUNGSZEITRAUM:Ausf\u00fchrungsplanung: Dezember 2023 &#8211; M\u00e4rz 2024 ARCHITEKTUR:ILIARD Ein an der Witkiewicza-Stra\u00dfe in Zakopane entworfenes Geb\u00e4ude mit sechs Geschossen, davon ein Untergeschoss. Die Ebene -1 ist als Tiefgarage vorgesehen. Im Erdgeschoss befinden sich eine Gewerbeeinheit mit Sozialr\u00e4umen sowie Parkpl\u00e4tze. Die \u00fcbrigen Etagen beherbergen Wohneinheiten. Auf dem Flachdach ist ein Erholungsbereich vorgesehen. [&hellip;]<\/p>\n","protected":false},"author":3,"featured_media":5205,"comment_status":"open","ping_status":"open","sticky":false,"template":"","format":"standard","meta":{"_acf_changed":false,"advgb_blocks_editor_width":"","advgb_blocks_columns_visual_guide":"","footnotes":""},"categories":[45,46],"tags":[],"class_list":["post-5905","post","type-post","status-publish","format-standard","has-post-thumbnail","hentry","category-projekte","category-projekte-top"],"acf":[],"aioseo_notices":[],"author_meta":{"display_name":"galistra","author_link":"https:\/\/www.galistra.pl\/de\/author\/galistra\/"},"featured_img":"https:\/\/www.galistra.pl\/wp-content\/uploads\/2024\/04\/2023-01-30_WIT_WIZ2_.webp","coauthors":[],"tax_additional":{"categories":{"linked":["<a href=\"https:\/\/www.galistra.pl\/de\/kat\/projekte\/\" class=\"advgb-post-tax-term\">Projekte<\/a>","<a href=\"https:\/\/www.galistra.pl\/de\/kat\/projekte-top\/\" class=\"advgb-post-tax-term\">Projekte TOP<\/a>"],"unlinked":["<span class=\"advgb-post-tax-term\">Projekte<\/span>","<span class=\"advgb-post-tax-term\">Projekte TOP<\/span>"]}},"comment_count":"0","relative_dates":{"created":"Ver\u00f6ffentlicht 3\u00a0Jahren vor","modified":"Aktualisiert 5\u00a0Monaten vor"},"absolute_dates":{"created":"Ver\u00f6ffentlicht am 30 August 2023","modified":"Aktualisiert am 9 Dezember 2025"},"absolute_dates_time":{"created":"Ver\u00f6ffentlicht am 30 August 2023 19:45","modified":"Aktualisiert am 9 Dezember 2025 16:24"},"featured_img_caption":"","series_order":"","_links":{"self":[{"href":"https:\/\/www.galistra.pl\/de\/wp-json\/wp\/v2\/posts\/5905","targetHints":{"allow":["GET"]}}],"collection":[{"href":"https:\/\/www.galistra.pl\/de\/wp-json\/wp\/v2\/posts"}],"about":[{"href":"https:\/\/www.galistra.pl\/de\/wp-json\/wp\/v2\/types\/post"}],"author":[{"embeddable":true,"href":"https:\/\/www.galistra.pl\/de\/wp-json\/wp\/v2\/users\/3"}],"replies":[{"embeddable":true,"href":"https:\/\/www.galistra.pl\/de\/wp-json\/wp\/v2\/comments?post=5905"}],"version-history":[{"count":1,"href":"https:\/\/www.galistra.pl\/de\/wp-json\/wp\/v2\/posts\/5905\/revisions"}],"predecessor-version":[{"id":5906,"href":"https:\/\/www.galistra.pl\/de\/wp-json\/wp\/v2\/posts\/5905\/revisions\/5906"}],"wp:featuredmedia":[{"embeddable":true,"href":"https:\/\/www.galistra.pl\/de\/wp-json\/wp\/v2\/media\/5205"}],"wp:attachment":[{"href":"https:\/\/www.galistra.pl\/de\/wp-json\/wp\/v2\/media?parent=5905"}],"wp:term":[{"taxonomy":"category","embeddable":true,"href":"https:\/\/www.galistra.pl\/de\/wp-json\/wp\/v2\/categories?post=5905"},{"taxonomy":"post_tag","embeddable":true,"href":"https:\/\/www.galistra.pl\/de\/wp-json\/wp\/v2\/tags?post=5905"}],"curies":[{"name":"wp","href":"https:\/\/api.w.org\/{rel}","templated":true}]}}