{"id":5909,"date":"2023-08-30T19:44:25","date_gmt":"2023-08-30T17:44:25","guid":{"rendered":"https:\/\/www.galistra.pl\/unkategorisiert\/mehrfamilienhaus-in-nowy-sacz\/"},"modified":"2025-12-09T16:28:52","modified_gmt":"2025-12-09T15:28:52","slug":"mehrfamilienhaus-in-nowy-sacz","status":"publish","type":"post","link":"https:\/\/www.galistra.pl\/de\/projekte\/mehrfamilienhaus-in-nowy-sacz\/","title":{"rendered":"Mehrfamilienhaus in Nowy S\u0105cz"},"content":{"rendered":"\n<p class=\"has-white-color has-cyan-bluish-gray-background-color has-text-color has-background\"><strong>LEISTUNGSUMFANG<\/strong>:<br\/>Ausf\u00fchrungsplanung<\/p>\n\n<p class=\"has-white-color has-cyan-bluish-gray-background-color has-text-color has-background\"><strong>PARAMETER<\/strong>:<br\/>Gesamtfl\u00e4che: 1 800 m2<\/p>\n\n<p class=\"has-white-color has-cyan-bluish-gray-background-color has-text-color has-background\"><strong>PLANUNGSZEITRAUM<\/strong>:<br\/>Ausf\u00fchrungsplanung: August 2023 &#8211; November 2024<\/p>\n\n<p class=\"has-white-color has-cyan-bluish-gray-background-color has-text-color has-background\"><strong>ARCHITEKTUR<\/strong>:<br\/>SP Projekt Pracownia Projektowa<\/p>\n\n<figure class=\"wp-block-gallery has-nested-images columns-3 is-cropped wp-block-gallery-1 is-layout-flex wp-block-gallery-is-layout-flex advgb-dyn-962cc9d3\">\n<figure class=\"wp-block-image size-full is-style-default\"><img loading=\"lazy\" decoding=\"async\" width=\"7680\" height=\"4320\" data-id=\"2446\" src=\"https:\/\/www.galistra.pl\/wp-content\/uploads\/2024\/04\/BUCZEK-NS-Lwowska-Budynek-mieszkalny_WIZ_PLAKAT_001.png\" alt=\"\" class=\"wp-image-2446\" srcset=\"https:\/\/www.galistra.pl\/wp-content\/uploads\/2024\/04\/BUCZEK-NS-Lwowska-Budynek-mieszkalny_WIZ_PLAKAT_001.png 7680w, https:\/\/www.galistra.pl\/wp-content\/uploads\/2024\/04\/BUCZEK-NS-Lwowska-Budynek-mieszkalny_WIZ_PLAKAT_001-768x432.png 768w, https:\/\/www.galistra.pl\/wp-content\/uploads\/2024\/04\/BUCZEK-NS-Lwowska-Budynek-mieszkalny_WIZ_PLAKAT_001-1536x864.png 1536w, https:\/\/www.galistra.pl\/wp-content\/uploads\/2024\/04\/BUCZEK-NS-Lwowska-Budynek-mieszkalny_WIZ_PLAKAT_001-2048x1152.png 2048w\" sizes=\"auto, (max-width: 7680px) 100vw, 7680px\" \/><\/figure>\n\n\n<figure class=\"wp-block-image size-full is-style-default\"><img loading=\"lazy\" decoding=\"async\" width=\"7680\" height=\"4320\" data-id=\"2447\" src=\"https:\/\/www.galistra.pl\/wp-content\/uploads\/2024\/04\/BUCZEK-NS-Lwowska-Budynek-mieszkalny_WIZ_PLAKAT_002.png\" alt=\"\" class=\"wp-image-2447\" srcset=\"https:\/\/www.galistra.pl\/wp-content\/uploads\/2024\/04\/BUCZEK-NS-Lwowska-Budynek-mieszkalny_WIZ_PLAKAT_002.png 7680w, https:\/\/www.galistra.pl\/wp-content\/uploads\/2024\/04\/BUCZEK-NS-Lwowska-Budynek-mieszkalny_WIZ_PLAKAT_002-768x432.png 768w, https:\/\/www.galistra.pl\/wp-content\/uploads\/2024\/04\/BUCZEK-NS-Lwowska-Budynek-mieszkalny_WIZ_PLAKAT_002-1536x864.png 1536w, https:\/\/www.galistra.pl\/wp-content\/uploads\/2024\/04\/BUCZEK-NS-Lwowska-Budynek-mieszkalny_WIZ_PLAKAT_002-2048x1152.png 2048w\" sizes=\"auto, (max-width: 7680px) 100vw, 7680px\" \/><\/figure><\/figure>\n\n<p>Das an der Lwowska-Stra\u00dfe in Nowy S\u0105cz realisierte Geb\u00e4ude verf\u00fcgt \u00fcber vier oberirdische Geschosse und ein Untergeschoss. Im Objekt sind zwanzig Wohneinheiten sowie eine Gewerbeeinheit im Erdgeschoss vorgesehen. <\/p>\n\n<p>Im Untergeschoss befinden sich eine Tiefgarage und Kellerabteile. Das Geb\u00e4ude wurde auf einer Fundamentplatte gegr\u00fcndet. Die Tragkonstruktion des Untergeschosses besteht aus Stahlbetonw\u00e4nden, -balken und -st\u00fctzen. Die tragenden Elemente der oberirdischen Geschosse bilden Stahlbetonw\u00e4nde und -scheiben, Mauerwerksw\u00e4nde sowie Stahlbetonst\u00fctzen und -balken. Alle Decken wurden als monolithische Stahlbetondecken konzipiert. Es wurde ein Stahlbetonflachdach mit Attika ausgef\u00fchrt. Auf einem Teil des Daches ist eine Erholungsterrasse vorgesehen.      <\/p>\n","protected":false},"excerpt":{"rendered":"<p>LEISTUNGSUMFANG:Ausf\u00fchrungsplanung PARAMETER:Gesamtfl\u00e4che: 1 800 m2 PLANUNGSZEITRAUM:Ausf\u00fchrungsplanung: August 2023 &#8211; November 2024 ARCHITEKTUR:SP Projekt Pracownia Projektowa Das an der Lwowska-Stra\u00dfe in Nowy S\u0105cz realisierte Geb\u00e4ude verf\u00fcgt \u00fcber vier oberirdische Geschosse und ein Untergeschoss. Im Objekt sind zwanzig Wohneinheiten sowie eine Gewerbeeinheit im Erdgeschoss vorgesehen. Im Untergeschoss befinden sich eine Tiefgarage und Kellerabteile. Das Geb\u00e4ude wurde auf [&hellip;]<\/p>\n","protected":false},"author":3,"featured_media":5199,"comment_status":"open","ping_status":"open","sticky":false,"template":"","format":"standard","meta":{"_acf_changed":false,"advgb_blocks_editor_width":"","advgb_blocks_columns_visual_guide":"","footnotes":""},"categories":[45,46],"tags":[],"class_list":["post-5909","post","type-post","status-publish","format-standard","has-post-thumbnail","hentry","category-projekte","category-projekte-top"],"acf":[],"aioseo_notices":[],"author_meta":{"display_name":"galistra","author_link":"https:\/\/www.galistra.pl\/de\/author\/galistra\/"},"featured_img":"https:\/\/www.galistra.pl\/wp-content\/uploads\/2024\/04\/BUCZEK-NS-Lwowska-Budynek-mieszkalny_WIZ_PLAKAT_001.png","coauthors":[],"tax_additional":{"categories":{"linked":["<a href=\"https:\/\/www.galistra.pl\/de\/kat\/projekte\/\" class=\"advgb-post-tax-term\">Projekte<\/a>","<a href=\"https:\/\/www.galistra.pl\/de\/kat\/projekte-top\/\" class=\"advgb-post-tax-term\">Projekte TOP<\/a>"],"unlinked":["<span class=\"advgb-post-tax-term\">Projekte<\/span>","<span class=\"advgb-post-tax-term\">Projekte TOP<\/span>"]}},"comment_count":"0","relative_dates":{"created":"Ver\u00f6ffentlicht 3\u00a0Jahren vor","modified":"Aktualisiert 5\u00a0Monaten vor"},"absolute_dates":{"created":"Ver\u00f6ffentlicht am 30 August 2023","modified":"Aktualisiert am 9 Dezember 2025"},"absolute_dates_time":{"created":"Ver\u00f6ffentlicht am 30 August 2023 19:44","modified":"Aktualisiert am 9 Dezember 2025 16:28"},"featured_img_caption":"","series_order":"","_links":{"self":[{"href":"https:\/\/www.galistra.pl\/de\/wp-json\/wp\/v2\/posts\/5909","targetHints":{"allow":["GET"]}}],"collection":[{"href":"https:\/\/www.galistra.pl\/de\/wp-json\/wp\/v2\/posts"}],"about":[{"href":"https:\/\/www.galistra.pl\/de\/wp-json\/wp\/v2\/types\/post"}],"author":[{"embeddable":true,"href":"https:\/\/www.galistra.pl\/de\/wp-json\/wp\/v2\/users\/3"}],"replies":[{"embeddable":true,"href":"https:\/\/www.galistra.pl\/de\/wp-json\/wp\/v2\/comments?post=5909"}],"version-history":[{"count":1,"href":"https:\/\/www.galistra.pl\/de\/wp-json\/wp\/v2\/posts\/5909\/revisions"}],"predecessor-version":[{"id":5910,"href":"https:\/\/www.galistra.pl\/de\/wp-json\/wp\/v2\/posts\/5909\/revisions\/5910"}],"wp:featuredmedia":[{"embeddable":true,"href":"https:\/\/www.galistra.pl\/de\/wp-json\/wp\/v2\/media\/5199"}],"wp:attachment":[{"href":"https:\/\/www.galistra.pl\/de\/wp-json\/wp\/v2\/media?parent=5909"}],"wp:term":[{"taxonomy":"category","embeddable":true,"href":"https:\/\/www.galistra.pl\/de\/wp-json\/wp\/v2\/categories?post=5909"},{"taxonomy":"post_tag","embeddable":true,"href":"https:\/\/www.galistra.pl\/de\/wp-json\/wp\/v2\/tags?post=5909"}],"curies":[{"name":"wp","href":"https:\/\/api.w.org\/{rel}","templated":true}]}}