{"id":5913,"date":"2023-08-30T19:43:44","date_gmt":"2023-08-30T17:43:44","guid":{"rendered":"https:\/\/www.galistra.pl\/unkategorisiert\/stara-cegielnia\/"},"modified":"2025-12-09T16:34:03","modified_gmt":"2025-12-09T15:34:03","slug":"stara-cegielnia","status":"publish","type":"post","link":"https:\/\/www.galistra.pl\/de\/projekte\/stara-cegielnia\/","title":{"rendered":"Stara Cegielnia"},"content":{"rendered":"\n<p class=\"has-white-color has-cyan-bluish-gray-background-color has-text-color has-background\"><strong>LEISTUNGSUMFANG<\/strong>:<br\/>Ausf\u00fchrungsplanung<\/p>\n\n<p class=\"has-white-color has-cyan-bluish-gray-background-color has-text-color has-background\"><strong>PARAMETER<\/strong>:<br\/>Nutzfl\u00e4che: 15 000 m2<\/p>\n\n<p class=\"has-white-color has-cyan-bluish-gray-background-color has-text-color has-background\"><strong>PLANUNGSZEITRAUM<\/strong>:<br\/>Ausf\u00fchrungsplanung: Dezember 2023 &#8211; Juni 2024<\/p>\n\n<p class=\"has-white-color has-cyan-bluish-gray-background-color has-text-color has-background\"><strong>ARCHITEKTUR<\/strong>:<br\/>Lemaa Architekci<\/p>\n\n<figure class=\"wp-block-gallery has-nested-images columns-3 is-cropped wp-block-gallery-1 is-layout-flex wp-block-gallery-is-layout-flex advgb-dyn-962cc9d3\">\n<figure class=\"wp-block-image size-full is-style-default\"><img loading=\"lazy\" decoding=\"async\" width=\"1452\" height=\"1208\" data-id=\"2442\" src=\"https:\/\/www.galistra.pl\/wp-content\/uploads\/2024\/04\/widok-1.png\" alt=\"\" class=\"wp-image-2442\" srcset=\"https:\/\/www.galistra.pl\/wp-content\/uploads\/2024\/04\/widok-1.png 1452w, https:\/\/www.galistra.pl\/wp-content\/uploads\/2024\/04\/widok-1-768x639.png 768w\" sizes=\"auto, (max-width: 1452px) 100vw, 1452px\" \/><\/figure>\n\n\n<figure class=\"wp-block-image size-full is-style-default\"><img loading=\"lazy\" decoding=\"async\" width=\"2262\" height=\"1317\" data-id=\"2443\" src=\"https:\/\/www.galistra.pl\/wp-content\/uploads\/2024\/04\/widok-2.png\" alt=\"\" class=\"wp-image-2443\" srcset=\"https:\/\/www.galistra.pl\/wp-content\/uploads\/2024\/04\/widok-2.png 2262w, https:\/\/www.galistra.pl\/wp-content\/uploads\/2024\/04\/widok-2-768x447.png 768w, https:\/\/www.galistra.pl\/wp-content\/uploads\/2024\/04\/widok-2-1536x894.png 1536w, https:\/\/www.galistra.pl\/wp-content\/uploads\/2024\/04\/widok-2-2048x1192.png 2048w\" sizes=\"auto, (max-width: 2262px) 100vw, 2262px\" \/><\/figure><\/figure>\n\n<p>Das Projekt umfasst die II. und III. Etappe der Investition, d. h. den Bau von vier Mehrfamilienh\u00e4usern mit Handels-, Dienstleistungs- und Bildungsbereich, Tiefgaragen sowie der erforderlichen Infrastruktur. Die Objekte verf\u00fcgen \u00fcber ein Untergeschoss und acht oberirdische Geschosse. Die Hauptgeb\u00e4ude sind durch einen Patio miteinander verbunden, auf dem sich ein nutzbares Flachdach befindet.   <\/p>\n","protected":false},"excerpt":{"rendered":"<p>LEISTUNGSUMFANG:Ausf\u00fchrungsplanung PARAMETER:Nutzfl\u00e4che: 15 000 m2 PLANUNGSZEITRAUM:Ausf\u00fchrungsplanung: Dezember 2023 &#8211; Juni 2024 ARCHITEKTUR:Lemaa Architekci Das Projekt umfasst die II. und III. Etappe der Investition, d. h. den Bau von vier Mehrfamilienh\u00e4usern mit Handels-, Dienstleistungs- und Bildungsbereich, Tiefgaragen sowie der erforderlichen Infrastruktur. Die Objekte verf\u00fcgen \u00fcber ein Untergeschoss und acht oberirdische Geschosse. Die Hauptgeb\u00e4ude sind durch einen [&hellip;]<\/p>\n","protected":false},"author":3,"featured_media":5195,"comment_status":"open","ping_status":"open","sticky":false,"template":"","format":"standard","meta":{"_acf_changed":false,"advgb_blocks_editor_width":"","advgb_blocks_columns_visual_guide":"","footnotes":""},"categories":[45,46],"tags":[],"class_list":["post-5913","post","type-post","status-publish","format-standard","has-post-thumbnail","hentry","category-projekte","category-projekte-top"],"acf":[],"aioseo_notices":[],"author_meta":{"display_name":"galistra","author_link":"https:\/\/www.galistra.pl\/de\/author\/galistra\/"},"featured_img":"https:\/\/www.galistra.pl\/wp-content\/uploads\/2024\/04\/widok-1.png","coauthors":[],"tax_additional":{"categories":{"linked":["<a href=\"https:\/\/www.galistra.pl\/de\/kat\/projekte\/\" class=\"advgb-post-tax-term\">Projekte<\/a>","<a href=\"https:\/\/www.galistra.pl\/de\/kat\/projekte-top\/\" class=\"advgb-post-tax-term\">Projekte TOP<\/a>"],"unlinked":["<span class=\"advgb-post-tax-term\">Projekte<\/span>","<span class=\"advgb-post-tax-term\">Projekte TOP<\/span>"]}},"comment_count":"0","relative_dates":{"created":"Ver\u00f6ffentlicht 3\u00a0Jahren vor","modified":"Aktualisiert 5\u00a0Monaten vor"},"absolute_dates":{"created":"Ver\u00f6ffentlicht am 30 August 2023","modified":"Aktualisiert am 9 Dezember 2025"},"absolute_dates_time":{"created":"Ver\u00f6ffentlicht am 30 August 2023 19:43","modified":"Aktualisiert am 9 Dezember 2025 16:34"},"featured_img_caption":"","series_order":"","_links":{"self":[{"href":"https:\/\/www.galistra.pl\/de\/wp-json\/wp\/v2\/posts\/5913","targetHints":{"allow":["GET"]}}],"collection":[{"href":"https:\/\/www.galistra.pl\/de\/wp-json\/wp\/v2\/posts"}],"about":[{"href":"https:\/\/www.galistra.pl\/de\/wp-json\/wp\/v2\/types\/post"}],"author":[{"embeddable":true,"href":"https:\/\/www.galistra.pl\/de\/wp-json\/wp\/v2\/users\/3"}],"replies":[{"embeddable":true,"href":"https:\/\/www.galistra.pl\/de\/wp-json\/wp\/v2\/comments?post=5913"}],"version-history":[{"count":1,"href":"https:\/\/www.galistra.pl\/de\/wp-json\/wp\/v2\/posts\/5913\/revisions"}],"predecessor-version":[{"id":5914,"href":"https:\/\/www.galistra.pl\/de\/wp-json\/wp\/v2\/posts\/5913\/revisions\/5914"}],"wp:featuredmedia":[{"embeddable":true,"href":"https:\/\/www.galistra.pl\/de\/wp-json\/wp\/v2\/media\/5195"}],"wp:attachment":[{"href":"https:\/\/www.galistra.pl\/de\/wp-json\/wp\/v2\/media?parent=5913"}],"wp:term":[{"taxonomy":"category","embeddable":true,"href":"https:\/\/www.galistra.pl\/de\/wp-json\/wp\/v2\/categories?post=5913"},{"taxonomy":"post_tag","embeddable":true,"href":"https:\/\/www.galistra.pl\/de\/wp-json\/wp\/v2\/tags?post=5913"}],"curies":[{"name":"wp","href":"https:\/\/api.w.org\/{rel}","templated":true}]}}