{"id":5935,"date":"2023-08-28T10:58:39","date_gmt":"2023-08-28T08:58:39","guid":{"rendered":"https:\/\/www.galistra.pl\/unkategorisiert\/enklawa-starosadecka\/"},"modified":"2025-12-09T17:05:07","modified_gmt":"2025-12-09T16:05:07","slug":"enklawa-starosadecka","status":"publish","type":"post","link":"https:\/\/www.galistra.pl\/de\/projekte\/enklawa-starosadecka\/","title":{"rendered":"Enklawa Staros\u0105decka"},"content":{"rendered":"\n<p class=\"has-white-color has-cyan-bluish-gray-background-color has-text-color has-background\"><strong>LEISTUNGSUMFANG<\/strong>:<br\/>Baugenehmigungsplanung \/ Ausf\u00fchrungsplanung<\/p>\n\n<p class=\"has-white-color has-cyan-bluish-gray-background-color has-text-color has-background\"><strong>PARAMETER<\/strong>:<br\/>Nutzfl\u00e4che: 12 300 m2<\/p>\n\n<p class=\"has-white-color has-cyan-bluish-gray-background-color has-text-color has-background\"><strong>PLANUNGSZEITRAUM<\/strong>:<br\/>Baugenehmigungsplanung: April &#8211; September 2021 \/ Ausf\u00fchrungsplanung: Oktober 2021 &#8211; aktuell<\/p>\n\n<p class=\"has-white-color has-cyan-bluish-gray-background-color has-text-color has-background\"><strong>ARCHITEKTUR<\/strong>:<br\/>SP Projekt Pracownia Projektowa<\/p>\n\n<figure class=\"wp-block-gallery columns-3 is-cropped wp-block-gallery-1\"><ul class=\"blocks-gallery-grid\"><li class=\"blocks-gallery-item\"><figure><img loading=\"lazy\" decoding=\"async\" width=\"1024\" height=\"577\" src=\"https:\/\/www.galistra.pl\/wp-content\/uploads\/2021\/10\/autoxautomAUTOcFFFFFF-1.jpg\" alt=\"\" data-id=\"2057\" data-full-url=\"https:\/\/www.galistra.pl\/wp-content\/uploads\/2021\/10\/autoxautomAUTOcFFFFFF-1.jpg\" data-link=\"https:\/\/www.galistra.pl\/?attachment_id=2057\" class=\"wp-image-2057\" srcset=\"https:\/\/www.galistra.pl\/wp-content\/uploads\/2021\/10\/autoxautomAUTOcFFFFFF-1.jpg 1024w, https:\/\/www.galistra.pl\/wp-content\/uploads\/2021\/10\/autoxautomAUTOcFFFFFF-1-768x433.jpg 768w\" sizes=\"auto, (max-width: 1024px) 100vw, 1024px\" \/><\/figure><\/li><li class=\"blocks-gallery-item\"><figure><img loading=\"lazy\" decoding=\"async\" width=\"1024\" height=\"577\" src=\"https:\/\/www.galistra.pl\/wp-content\/uploads\/2021\/10\/autoxautomAUTOcFFFFFF-2.jpg\" alt=\"\" data-id=\"2058\" data-full-url=\"https:\/\/www.galistra.pl\/wp-content\/uploads\/2021\/10\/autoxautomAUTOcFFFFFF-2.jpg\" data-link=\"https:\/\/www.galistra.pl\/?attachment_id=2058\" class=\"wp-image-2058\" srcset=\"https:\/\/www.galistra.pl\/wp-content\/uploads\/2021\/10\/autoxautomAUTOcFFFFFF-2.jpg 1024w, https:\/\/www.galistra.pl\/wp-content\/uploads\/2021\/10\/autoxautomAUTOcFFFFFF-2-768x433.jpg 768w\" sizes=\"auto, (max-width: 1024px) 100vw, 1024px\" \/><\/figure><\/li><li class=\"blocks-gallery-item\"><figure><img loading=\"lazy\" decoding=\"async\" width=\"1024\" height=\"577\" src=\"https:\/\/www.galistra.pl\/wp-content\/uploads\/2021\/10\/autoxautomAUTOcFFFFFF-3.jpg\" alt=\"\" data-id=\"2059\" data-full-url=\"https:\/\/www.galistra.pl\/wp-content\/uploads\/2021\/10\/autoxautomAUTOcFFFFFF-3.jpg\" data-link=\"https:\/\/www.galistra.pl\/?attachment_id=2059\" class=\"wp-image-2059\" srcset=\"https:\/\/www.galistra.pl\/wp-content\/uploads\/2021\/10\/autoxautomAUTOcFFFFFF-3.jpg 1024w, https:\/\/www.galistra.pl\/wp-content\/uploads\/2021\/10\/autoxautomAUTOcFFFFFF-3-768x433.jpg 768w\" sizes=\"auto, (max-width: 1024px) 100vw, 1024px\" \/><\/figure><\/li><li class=\"blocks-gallery-item\"><figure><img loading=\"lazy\" decoding=\"async\" width=\"1024\" height=\"577\" src=\"https:\/\/www.galistra.pl\/wp-content\/uploads\/2021\/10\/autoxautomAUTOcFFFFFF-4.jpg\" alt=\"\" data-id=\"2060\" data-full-url=\"https:\/\/www.galistra.pl\/wp-content\/uploads\/2021\/10\/autoxautomAUTOcFFFFFF-4.jpg\" data-link=\"https:\/\/www.galistra.pl\/?attachment_id=2060\" class=\"wp-image-2060\" srcset=\"https:\/\/www.galistra.pl\/wp-content\/uploads\/2021\/10\/autoxautomAUTOcFFFFFF-4.jpg 1024w, https:\/\/www.galistra.pl\/wp-content\/uploads\/2021\/10\/autoxautomAUTOcFFFFFF-4-768x433.jpg 768w\" sizes=\"auto, (max-width: 1024px) 100vw, 1024px\" \/><\/figure><\/li><li class=\"blocks-gallery-item\"><figure><img loading=\"lazy\" decoding=\"async\" width=\"1024\" height=\"577\" src=\"https:\/\/www.galistra.pl\/wp-content\/uploads\/2021\/10\/autoxautomAUTOcFFFFFF-5.jpg\" alt=\"\" data-id=\"2061\" data-full-url=\"https:\/\/www.galistra.pl\/wp-content\/uploads\/2021\/10\/autoxautomAUTOcFFFFFF-5.jpg\" data-link=\"https:\/\/www.galistra.pl\/?attachment_id=2061\" class=\"wp-image-2061\" srcset=\"https:\/\/www.galistra.pl\/wp-content\/uploads\/2021\/10\/autoxautomAUTOcFFFFFF-5.jpg 1024w, https:\/\/www.galistra.pl\/wp-content\/uploads\/2021\/10\/autoxautomAUTOcFFFFFF-5-768x433.jpg 768w\" sizes=\"auto, (max-width: 1024px) 100vw, 1024px\" \/><\/figure><\/li><li class=\"blocks-gallery-item\"><figure><img loading=\"lazy\" decoding=\"async\" width=\"1024\" height=\"577\" src=\"https:\/\/www.galistra.pl\/wp-content\/uploads\/2021\/10\/autoxautomAUTOcFFFFFF.jpg\" alt=\"\" data-id=\"2062\" data-full-url=\"https:\/\/www.galistra.pl\/wp-content\/uploads\/2021\/10\/autoxautomAUTOcFFFFFF.jpg\" data-link=\"https:\/\/www.galistra.pl\/?attachment_id=2062\" class=\"wp-image-2062 is-layout-flex wp-block-gallery-is-layout-flex\" srcset=\"https:\/\/www.galistra.pl\/wp-content\/uploads\/2021\/10\/autoxautomAUTOcFFFFFF.jpg 1024w, https:\/\/www.galistra.pl\/wp-content\/uploads\/2021\/10\/autoxautomAUTOcFFFFFF-768x433.jpg 768w\" sizes=\"auto, (max-width: 1024px) 100vw, 1024px\" \/><\/figure><\/li><\/ul><\/figure>\n<p>Komplex aus Mehrfamilienh\u00e4usern in Stary S\u0105cz, an der Podegrodzka-Stra\u00dfe gelegen. Die Gesamtanlage besteht aus drei separaten Wohnsegmenten und einem Dienstleistungssegment. Die erste Investitionsetappe umfasst die Bl\u00f6cke A und B mit insgesamt 82 Wohnungen, die mit ger\u00e4umigen Terrassen oder Loggien ausgestattet sind. Die Geb\u00e4ude werden viergeschossig ausgef\u00fchrt und mit einem Aufzug sowie einer Tiefgarage mit Kellerabteilen ausgestattet. Ein charakteristisches Merkmal beider Geb\u00e4ude ist ihre moderne Kubatur sowie gro\u00dfe Terrassen und Loggia-Balkone.<\/p>\n","protected":false},"excerpt":{"rendered":"<p>LEISTUNGSUMFANG:Baugenehmigungsplanung \/ Ausf\u00fchrungsplanung PARAMETER:Nutzfl\u00e4che: 12 300 m2 PLANUNGSZEITRAUM:Baugenehmigungsplanung: April &#8211; September 2021 \/ Ausf\u00fchrungsplanung: Oktober 2021 &#8211; aktuell ARCHITEKTUR:SP Projekt Pracownia Projektowa Komplex aus Mehrfamilienh\u00e4usern in Stary S\u0105cz, an der Podegrodzka-Stra\u00dfe gelegen. Die Gesamtanlage besteht aus drei separaten Wohnsegmenten und einem Dienstleistungssegment. Die erste Investitionsetappe umfasst die Bl\u00f6cke A und B mit insgesamt 82 Wohnungen, [&hellip;]<\/p>\n","protected":false},"author":3,"featured_media":4877,"comment_status":"open","ping_status":"open","sticky":false,"template":"","format":"standard","meta":{"_acf_changed":false,"advgb_blocks_editor_width":"","advgb_blocks_columns_visual_guide":"","footnotes":""},"categories":[45,46],"tags":[],"class_list":["post-5935","post","type-post","status-publish","format-standard","has-post-thumbnail","hentry","category-projekte","category-projekte-top"],"acf":[],"aioseo_notices":[],"author_meta":{"display_name":"galistra","author_link":"https:\/\/www.galistra.pl\/de\/author\/galistra\/"},"featured_img":"https:\/\/www.galistra.pl\/wp-content\/uploads\/2021\/10\/autoxautomAUTOcFFFFFF-1.jpg","coauthors":[],"tax_additional":{"categories":{"linked":["<a href=\"https:\/\/www.galistra.pl\/de\/kat\/projekte\/\" class=\"advgb-post-tax-term\">Projekte<\/a>","<a href=\"https:\/\/www.galistra.pl\/de\/kat\/projekte-top\/\" class=\"advgb-post-tax-term\">Projekte TOP<\/a>"],"unlinked":["<span class=\"advgb-post-tax-term\">Projekte<\/span>","<span class=\"advgb-post-tax-term\">Projekte TOP<\/span>"]}},"comment_count":"0","relative_dates":{"created":"Ver\u00f6ffentlicht 3\u00a0Jahren vor","modified":"Aktualisiert 5\u00a0Monaten vor"},"absolute_dates":{"created":"Ver\u00f6ffentlicht am 28 August 2023","modified":"Aktualisiert am 9 Dezember 2025"},"absolute_dates_time":{"created":"Ver\u00f6ffentlicht am 28 August 2023 10:58","modified":"Aktualisiert am 9 Dezember 2025 17:05"},"featured_img_caption":"","series_order":"","_links":{"self":[{"href":"https:\/\/www.galistra.pl\/de\/wp-json\/wp\/v2\/posts\/5935","targetHints":{"allow":["GET"]}}],"collection":[{"href":"https:\/\/www.galistra.pl\/de\/wp-json\/wp\/v2\/posts"}],"about":[{"href":"https:\/\/www.galistra.pl\/de\/wp-json\/wp\/v2\/types\/post"}],"author":[{"embeddable":true,"href":"https:\/\/www.galistra.pl\/de\/wp-json\/wp\/v2\/users\/3"}],"replies":[{"embeddable":true,"href":"https:\/\/www.galistra.pl\/de\/wp-json\/wp\/v2\/comments?post=5935"}],"version-history":[{"count":1,"href":"https:\/\/www.galistra.pl\/de\/wp-json\/wp\/v2\/posts\/5935\/revisions"}],"predecessor-version":[{"id":5936,"href":"https:\/\/www.galistra.pl\/de\/wp-json\/wp\/v2\/posts\/5935\/revisions\/5936"}],"wp:featuredmedia":[{"embeddable":true,"href":"https:\/\/www.galistra.pl\/de\/wp-json\/wp\/v2\/media\/4877"}],"wp:attachment":[{"href":"https:\/\/www.galistra.pl\/de\/wp-json\/wp\/v2\/media?parent=5935"}],"wp:term":[{"taxonomy":"category","embeddable":true,"href":"https:\/\/www.galistra.pl\/de\/wp-json\/wp\/v2\/categories?post=5935"},{"taxonomy":"post_tag","embeddable":true,"href":"https:\/\/www.galistra.pl\/de\/wp-json\/wp\/v2\/tags?post=5935"}],"curies":[{"name":"wp","href":"https:\/\/api.w.org\/{rel}","templated":true}]}}