{"id":5971,"date":"2023-08-22T19:21:47","date_gmt":"2023-08-22T17:21:47","guid":{"rendered":"https:\/\/www.galistra.pl\/unkategorisiert\/aparthotel-giewont-ii-in-zakopane\/"},"modified":"2025-12-09T19:20:08","modified_gmt":"2025-12-09T18:20:08","slug":"aparthotel-giewont-ii-in-zakopane","status":"publish","type":"post","link":"https:\/\/www.galistra.pl\/de\/projekte\/aparthotel-giewont-ii-in-zakopane\/","title":{"rendered":"Aparthotel Giewont II in Zakopane"},"content":{"rendered":"\n<p class=\"has-white-color has-cyan-bluish-gray-background-color has-text-color has-background\"><strong>LEISTUNGSUMFANG<\/strong>:<br\/>Baugenehmigungsplanung \/ Ausf\u00fchrungsplanung<\/p>\n\n<p class=\"has-white-color has-cyan-bluish-gray-background-color has-text-color has-background\"><strong>PARAMETER<\/strong>:<br\/>Gesamtfl\u00e4che: 4750 m2<\/p>\n\n<p class=\"has-white-color has-cyan-bluish-gray-background-color has-text-color has-background\"><strong>PLANUNGSZEITRAUM<\/strong>:<br\/>Baugenehmigungsplanung: Oktober 2016 \/ Ausf\u00fchrungsplanung: November &#8211; Dezember 2018<\/p>\n\n<p class=\"has-white-color has-cyan-bluish-gray-background-color has-text-color has-background\"><strong>ARCHITEKTUR<\/strong>:<br\/>Karpiel Steindel Architektura<\/p>\n\n<figure class=\"wp-block-gallery columns-3 is-cropped wp-block-gallery-1\"><ul class=\"blocks-gallery-grid\"><li class=\"blocks-gallery-item\"><figure><img loading=\"lazy\" decoding=\"async\" width=\"900\" height=\"550\" src=\"https:\/\/www.galistra.pl\/wp-content\/uploads\/2021\/03\/lasyk-nowy_f_9_900_1.jpg\" alt=\"\" data-id=\"921\" data-link=\"https:\/\/www.galistra.pl\/?attachment_id=921\" class=\"wp-image-921\" srcset=\"https:\/\/www.galistra.pl\/wp-content\/uploads\/2021\/03\/lasyk-nowy_f_9_900_1.jpg 900w, https:\/\/www.galistra.pl\/wp-content\/uploads\/2021\/03\/lasyk-nowy_f_9_900_1-768x469.jpg 768w\" sizes=\"auto, (max-width: 900px) 100vw, 900px\" \/><\/figure><\/li><li class=\"blocks-gallery-item\"><figure><img loading=\"lazy\" decoding=\"async\" width=\"900\" height=\"550\" src=\"https:\/\/www.galistra.pl\/wp-content\/uploads\/2021\/03\/lasyk-nowy_f_8_900_1.jpg\" alt=\"\" data-id=\"922\" data-link=\"https:\/\/www.galistra.pl\/?attachment_id=922\" class=\"wp-image-922\" srcset=\"https:\/\/www.galistra.pl\/wp-content\/uploads\/2021\/03\/lasyk-nowy_f_8_900_1.jpg 900w, https:\/\/www.galistra.pl\/wp-content\/uploads\/2021\/03\/lasyk-nowy_f_8_900_1-768x469.jpg 768w\" sizes=\"auto, (max-width: 900px) 100vw, 900px\" \/><\/figure><\/li><li class=\"blocks-gallery-item\"><figure><img loading=\"lazy\" decoding=\"async\" width=\"900\" height=\"550\" src=\"https:\/\/www.galistra.pl\/wp-content\/uploads\/2021\/03\/lasyk-nowy_f_5_900_1.jpg\" alt=\"\" data-id=\"925\" data-link=\"https:\/\/www.galistra.pl\/?attachment_id=925\" class=\"wp-image-925\" srcset=\"https:\/\/www.galistra.pl\/wp-content\/uploads\/2021\/03\/lasyk-nowy_f_5_900_1.jpg 900w, https:\/\/www.galistra.pl\/wp-content\/uploads\/2021\/03\/lasyk-nowy_f_5_900_1-768x469.jpg 768w\" sizes=\"auto, (max-width: 900px) 100vw, 900px\" \/><\/figure><\/li><li class=\"blocks-gallery-item\"><figure><img loading=\"lazy\" decoding=\"async\" width=\"900\" height=\"550\" src=\"https:\/\/www.galistra.pl\/wp-content\/uploads\/2021\/03\/lasyk-nowy_f_1_900_1.jpg\" alt=\"\" data-id=\"929\" data-link=\"https:\/\/www.galistra.pl\/?attachment_id=929\" class=\"wp-image-929\" srcset=\"https:\/\/www.galistra.pl\/wp-content\/uploads\/2021\/03\/lasyk-nowy_f_1_900_1.jpg 900w, https:\/\/www.galistra.pl\/wp-content\/uploads\/2021\/03\/lasyk-nowy_f_1_900_1-768x469.jpg 768w\" sizes=\"auto, (max-width: 900px) 100vw, 900px\" \/><\/figure><\/li><li class=\"blocks-gallery-item\"><figure><img loading=\"lazy\" decoding=\"async\" width=\"900\" height=\"550\" src=\"https:\/\/www.galistra.pl\/wp-content\/uploads\/2021\/03\/lasyk-nowy_f_4_900_1.jpg\" alt=\"\" data-id=\"926\" data-link=\"https:\/\/www.galistra.pl\/?attachment_id=926\" class=\"wp-image-926\" srcset=\"https:\/\/www.galistra.pl\/wp-content\/uploads\/2021\/03\/lasyk-nowy_f_4_900_1.jpg 900w, https:\/\/www.galistra.pl\/wp-content\/uploads\/2021\/03\/lasyk-nowy_f_4_900_1-768x469.jpg 768w\" sizes=\"auto, (max-width: 900px) 100vw, 900px\" \/><\/figure><\/li><li class=\"blocks-gallery-item\"><figure><img loading=\"lazy\" decoding=\"async\" width=\"900\" height=\"550\" src=\"https:\/\/www.galistra.pl\/wp-content\/uploads\/2021\/03\/lasyk-nowy_f_7_900_1.jpg\" alt=\"\" data-id=\"923\" data-link=\"https:\/\/www.galistra.pl\/?attachment_id=923\" class=\"wp-image-923\" srcset=\"https:\/\/www.galistra.pl\/wp-content\/uploads\/2021\/03\/lasyk-nowy_f_7_900_1.jpg 900w, https:\/\/www.galistra.pl\/wp-content\/uploads\/2021\/03\/lasyk-nowy_f_7_900_1-768x469.jpg 768w\" sizes=\"auto, (max-width: 900px) 100vw, 900px\" \/><\/figure><\/li><li class=\"blocks-gallery-item\"><figure><img loading=\"lazy\" decoding=\"async\" width=\"900\" height=\"550\" src=\"https:\/\/www.galistra.pl\/wp-content\/uploads\/2021\/03\/lasyk-nowy_f_6_900_1.jpg\" alt=\"\" data-id=\"924\" data-link=\"https:\/\/www.galistra.pl\/?attachment_id=924\" class=\"wp-image-924\" srcset=\"https:\/\/www.galistra.pl\/wp-content\/uploads\/2021\/03\/lasyk-nowy_f_6_900_1.jpg 900w, https:\/\/www.galistra.pl\/wp-content\/uploads\/2021\/03\/lasyk-nowy_f_6_900_1-768x469.jpg 768w\" sizes=\"auto, (max-width: 900px) 100vw, 900px\" \/><\/figure><\/li><li class=\"blocks-gallery-item\"><figure><img loading=\"lazy\" decoding=\"async\" width=\"900\" height=\"550\" src=\"https:\/\/www.galistra.pl\/wp-content\/uploads\/2021\/03\/lasyk-nowy_f_3_900_1.jpg\" alt=\"\" data-id=\"927\" data-link=\"https:\/\/www.galistra.pl\/?attachment_id=927\" class=\"wp-image-927\" srcset=\"https:\/\/www.galistra.pl\/wp-content\/uploads\/2021\/03\/lasyk-nowy_f_3_900_1.jpg 900w, https:\/\/www.galistra.pl\/wp-content\/uploads\/2021\/03\/lasyk-nowy_f_3_900_1-768x469.jpg 768w\" sizes=\"auto, (max-width: 900px) 100vw, 900px\" \/><\/figure><\/li><li class=\"blocks-gallery-item\"><figure><img loading=\"lazy\" decoding=\"async\" width=\"900\" height=\"550\" src=\"https:\/\/www.galistra.pl\/wp-content\/uploads\/2021\/03\/lasyk-nowy_f_2_900_1.jpg\" alt=\"\" data-id=\"928\" data-link=\"https:\/\/www.galistra.pl\/?attachment_id=928\" class=\"wp-image-928 is-layout-flex wp-block-gallery-is-layout-flex\" srcset=\"https:\/\/www.galistra.pl\/wp-content\/uploads\/2021\/03\/lasyk-nowy_f_2_900_1.jpg 900w, https:\/\/www.galistra.pl\/wp-content\/uploads\/2021\/03\/lasyk-nowy_f_2_900_1-768x469.jpg 768w\" sizes=\"auto, (max-width: 900px) 100vw, 900px\" \/><\/figure><\/li><\/ul><\/figure>\n<p>Unterkellertes Geb\u00e4ude mit Erdgeschoss, Obergeschoss und ausgebautem Dachgeschoss. Gr\u00fcndung mittels einer 35 cm starken Stahlbetonfundamentplatte mit lokalen Verst\u00e4rkungen unter den Stahlbetonst\u00fctzen. Stahlbetondecken \u00fcber dem Wohnbereich mit einer St\u00e4rke von 20 cm. Das Tragwerk des Dachgeschosses besteht aus Stahlbetonst\u00fctzen, -balken und -w\u00e4nden sowie Mauerwerksw\u00e4nden. Dachkonstruktion aus Stahl, aus HEA-Profilen sowie einem HEB-Tr\u00e4ger in der Giebelwand. H\u00f6lzerner Dachstuhl als Sparrenkonstruktion.<\/p>\n","protected":false},"excerpt":{"rendered":"<p>LEISTUNGSUMFANG:Baugenehmigungsplanung \/ Ausf\u00fchrungsplanung PARAMETER:Gesamtfl\u00e4che: 4750 m2 PLANUNGSZEITRAUM:Baugenehmigungsplanung: Oktober 2016 \/ Ausf\u00fchrungsplanung: November &#8211; Dezember 2018 ARCHITEKTUR:Karpiel Steindel Architektura Unterkellertes Geb\u00e4ude mit Erdgeschoss, Obergeschoss und ausgebautem Dachgeschoss. Gr\u00fcndung mittels einer 35 cm starken Stahlbetonfundamentplatte mit lokalen Verst\u00e4rkungen unter den Stahlbetonst\u00fctzen. Stahlbetondecken \u00fcber dem Wohnbereich mit einer St\u00e4rke von 20 cm. Das Tragwerk des Dachgeschosses besteht aus [&hellip;]<\/p>\n","protected":false},"author":1,"featured_media":4525,"comment_status":"open","ping_status":"open","sticky":false,"template":"","format":"standard","meta":{"_acf_changed":false,"advgb_blocks_editor_width":"","advgb_blocks_columns_visual_guide":"","footnotes":""},"categories":[45],"tags":[],"class_list":["post-5971","post","type-post","status-publish","format-standard","has-post-thumbnail","hentry","category-projekte"],"acf":[],"aioseo_notices":[],"author_meta":{"display_name":"nf","author_link":"https:\/\/www.galistra.pl\/de\/author\/nf\/"},"featured_img":"https:\/\/www.galistra.pl\/wp-content\/uploads\/2021\/04\/16052630867713_aparthotelgiewont21020209.jpg","coauthors":[],"tax_additional":{"categories":{"linked":["<a href=\"https:\/\/www.galistra.pl\/de\/kat\/projekte\/\" class=\"advgb-post-tax-term\">Projekte<\/a>"],"unlinked":["<span class=\"advgb-post-tax-term\">Projekte<\/span>"]}},"comment_count":"0","relative_dates":{"created":"Ver\u00f6ffentlicht 3\u00a0Jahren vor","modified":"Aktualisiert 5\u00a0Monaten vor"},"absolute_dates":{"created":"Ver\u00f6ffentlicht am 22 August 2023","modified":"Aktualisiert am 9 Dezember 2025"},"absolute_dates_time":{"created":"Ver\u00f6ffentlicht am 22 August 2023 19:21","modified":"Aktualisiert am 9 Dezember 2025 19:20"},"featured_img_caption":"","series_order":"","_links":{"self":[{"href":"https:\/\/www.galistra.pl\/de\/wp-json\/wp\/v2\/posts\/5971","targetHints":{"allow":["GET"]}}],"collection":[{"href":"https:\/\/www.galistra.pl\/de\/wp-json\/wp\/v2\/posts"}],"about":[{"href":"https:\/\/www.galistra.pl\/de\/wp-json\/wp\/v2\/types\/post"}],"author":[{"embeddable":true,"href":"https:\/\/www.galistra.pl\/de\/wp-json\/wp\/v2\/users\/1"}],"replies":[{"embeddable":true,"href":"https:\/\/www.galistra.pl\/de\/wp-json\/wp\/v2\/comments?post=5971"}],"version-history":[{"count":1,"href":"https:\/\/www.galistra.pl\/de\/wp-json\/wp\/v2\/posts\/5971\/revisions"}],"predecessor-version":[{"id":5972,"href":"https:\/\/www.galistra.pl\/de\/wp-json\/wp\/v2\/posts\/5971\/revisions\/5972"}],"wp:featuredmedia":[{"embeddable":true,"href":"https:\/\/www.galistra.pl\/de\/wp-json\/wp\/v2\/media\/4525"}],"wp:attachment":[{"href":"https:\/\/www.galistra.pl\/de\/wp-json\/wp\/v2\/media?parent=5971"}],"wp:term":[{"taxonomy":"category","embeddable":true,"href":"https:\/\/www.galistra.pl\/de\/wp-json\/wp\/v2\/categories?post=5971"},{"taxonomy":"post_tag","embeddable":true,"href":"https:\/\/www.galistra.pl\/de\/wp-json\/wp\/v2\/tags?post=5971"}],"curies":[{"name":"wp","href":"https:\/\/api.w.org\/{rel}","templated":true}]}}