{"id":5991,"date":"2022-04-07T13:35:33","date_gmt":"2022-04-07T11:35:33","guid":{"rendered":"https:\/\/www.galistra.pl\/unkategorisiert\/wohn-und-pensionsgebaeude-in-zakopane\/"},"modified":"2025-12-09T19:43:53","modified_gmt":"2025-12-09T18:43:53","slug":"wohn-und-pensionsgebaeude-in-zakopane","status":"publish","type":"post","link":"https:\/\/www.galistra.pl\/de\/projekte\/wohn-und-pensionsgebaeude-in-zakopane\/","title":{"rendered":"Wohn- und Pensionsgeb\u00e4ude in Zakopane"},"content":{"rendered":"\n<p class=\"has-white-color has-cyan-bluish-gray-background-color has-text-color has-background\"><strong>LEISTUNGSUMFANG<\/strong>:<br\/>Ausf\u00fchrungsplanung<\/p>\n\n<p class=\"has-white-color has-cyan-bluish-gray-background-color has-text-color has-background\"><strong>PARAMETER<\/strong>:<br\/>Gesamtfl\u00e4che: 1 800 m2<\/p>\n\n<p class=\"has-white-color has-cyan-bluish-gray-background-color has-text-color has-background\"><strong>PLANUNGSZEITRAUM<\/strong>:<br\/>Ausf\u00fchrungsplanung: Oktober &#8211; Dezember 2021<\/p>\n\n<p class=\"has-white-color has-cyan-bluish-gray-background-color has-text-color has-background\"><strong>ARCHITEKTUR<\/strong>:<br\/>JKA Architekci \/ S\u0142owik Architektura \/ Kreator Architekci<\/p>\n\n<figure class=\"wp-block-gallery has-nested-images columns-3 is-cropped wp-block-gallery-1 is-layout-flex wp-block-gallery-is-layout-flex\">\n<figure class=\"wp-block-image size-large is-style-default\"><img loading=\"lazy\" decoding=\"async\" width=\"1001\" height=\"645\" data-id=\"2270\" src=\"https:\/\/www.galistra.pl\/wp-content\/uploads\/2022\/04\/w3.jpg\" alt=\"\" class=\"wp-image-2270\" srcset=\"https:\/\/www.galistra.pl\/wp-content\/uploads\/2022\/04\/w3.jpg 1001w, https:\/\/www.galistra.pl\/wp-content\/uploads\/2022\/04\/w3-768x495.jpg 768w\" sizes=\"auto, (max-width: 1001px) 100vw, 1001px\" \/><\/figure>\n\n\n<figure class=\"wp-block-image size-large is-style-default\"><img loading=\"lazy\" decoding=\"async\" width=\"1001\" height=\"645\" data-id=\"2271\" src=\"https:\/\/www.galistra.pl\/wp-content\/uploads\/2022\/04\/w4.jpg\" alt=\"\" class=\"wp-image-2271\" srcset=\"https:\/\/www.galistra.pl\/wp-content\/uploads\/2022\/04\/w4.jpg 1001w, https:\/\/www.galistra.pl\/wp-content\/uploads\/2022\/04\/w4-768x495.jpg 768w\" sizes=\"auto, (max-width: 1001px) 100vw, 1001px\" \/><\/figure>\n\n\n<figure class=\"wp-block-image size-large is-style-default\"><img loading=\"lazy\" decoding=\"async\" width=\"1000\" height=\"644\" data-id=\"2272\" src=\"https:\/\/www.galistra.pl\/wp-content\/uploads\/2022\/04\/w5.jpg\" alt=\"\" class=\"wp-image-2272\" srcset=\"https:\/\/www.galistra.pl\/wp-content\/uploads\/2022\/04\/w5.jpg 1000w, https:\/\/www.galistra.pl\/wp-content\/uploads\/2022\/04\/w5-768x495.jpg 768w\" sizes=\"auto, (max-width: 1000px) 100vw, 1000px\" \/><\/figure>\n\n\n<figure class=\"wp-block-image size-large is-style-default\"><img loading=\"lazy\" decoding=\"async\" width=\"1001\" height=\"645\" data-id=\"2273\" src=\"https:\/\/www.galistra.pl\/wp-content\/uploads\/2022\/04\/w8.jpg\" alt=\"\" class=\"wp-image-2273\" srcset=\"https:\/\/www.galistra.pl\/wp-content\/uploads\/2022\/04\/w8.jpg 1001w, https:\/\/www.galistra.pl\/wp-content\/uploads\/2022\/04\/w8-768x495.jpg 768w\" sizes=\"auto, (max-width: 1001px) 100vw, 1001px\" \/><\/figure>\n\n\n<figure class=\"wp-block-image size-large is-style-default\"><img loading=\"lazy\" decoding=\"async\" width=\"1920\" height=\"1081\" data-id=\"2269\" src=\"https:\/\/www.galistra.pl\/wp-content\/uploads\/2022\/04\/apartamentowiec_1.jpg\" alt=\"\" class=\"wp-image-2269\" srcset=\"https:\/\/www.galistra.pl\/wp-content\/uploads\/2022\/04\/apartamentowiec_1.jpg 1920w, https:\/\/www.galistra.pl\/wp-content\/uploads\/2022\/04\/apartamentowiec_1-768x432.jpg 768w, https:\/\/www.galistra.pl\/wp-content\/uploads\/2022\/04\/apartamentowiec_1-1536x865.jpg 1536w\" sizes=\"auto, (max-width: 1920px) 100vw, 1920px\" \/><\/figure><\/figure>\n\n<p>Das Geb\u00e4ude besteht aus zw\u00f6lf Appartements unterschiedlicher Gr\u00f6\u00dfe sowie dreizehn Stellpl\u00e4tzen in der Tiefgarage direkt unter dem Geb\u00e4ude. Die Konstruktion ist traditionell, mit Gr\u00fcndung auf einer Fundamentplatte, Stahlbetondecken sowie Stahlbeton- und Mauerwerksw\u00e4nden. Das Geb\u00e4ude verf\u00fcgt \u00fcber ein Untergeschoss und drei oberirdische Geschosse. Zus\u00e4tzlich wurden aufgrund der komplizierten Gel\u00e4ndeverh\u00e4ltnisse Stahlbeton-St\u00fctzmauern geplant. Neben der Tragwerksplanung umfasste der Leistungsumfang die Koordination der Fachplanungen: Sanit\u00e4r-, L\u00fcftungs- und Elektroinstallationen.    <\/p>\n","protected":false},"excerpt":{"rendered":"<p>LEISTUNGSUMFANG:Ausf\u00fchrungsplanung PARAMETER:Gesamtfl\u00e4che: 1 800 m2 PLANUNGSZEITRAUM:Ausf\u00fchrungsplanung: Oktober &#8211; Dezember 2021 ARCHITEKTUR:JKA Architekci \/ S\u0142owik Architektura \/ Kreator Architekci Das Geb\u00e4ude besteht aus zw\u00f6lf Appartements unterschiedlicher Gr\u00f6\u00dfe sowie dreizehn Stellpl\u00e4tzen in der Tiefgarage direkt unter dem Geb\u00e4ude. Die Konstruktion ist traditionell, mit Gr\u00fcndung auf einer Fundamentplatte, Stahlbetondecken sowie Stahlbeton- und Mauerwerksw\u00e4nden. Das Geb\u00e4ude verf\u00fcgt \u00fcber ein [&hellip;]<\/p>\n","protected":false},"author":3,"featured_media":5015,"comment_status":"open","ping_status":"open","sticky":false,"template":"","format":"standard","meta":{"_acf_changed":false,"advgb_blocks_editor_width":"","advgb_blocks_columns_visual_guide":"","footnotes":""},"categories":[45,46],"tags":[50,56],"class_list":["post-5991","post","type-post","status-publish","format-standard","has-post-thumbnail","hentry","category-projekte","category-projekte-top","tag-galistra-de","tag-zakopane-de"],"acf":[],"aioseo_notices":[],"author_meta":{"display_name":"galistra","author_link":"https:\/\/www.galistra.pl\/de\/author\/galistra\/"},"featured_img":"https:\/\/www.galistra.pl\/wp-content\/uploads\/2022\/04\/w3.jpg","coauthors":[],"tax_additional":{"categories":{"linked":["<a href=\"https:\/\/www.galistra.pl\/de\/kat\/projekte\/\" class=\"advgb-post-tax-term\">Projekte<\/a>","<a href=\"https:\/\/www.galistra.pl\/de\/kat\/projekte-top\/\" class=\"advgb-post-tax-term\">Projekte TOP<\/a>"],"unlinked":["<span class=\"advgb-post-tax-term\">Projekte<\/span>","<span class=\"advgb-post-tax-term\">Projekte TOP<\/span>"]},"tags":{"linked":["<a href=\"https:\/\/www.galistra.pl\/de\/kat\/projekte-top\/\" class=\"advgb-post-tax-term\">galistra<\/a>","<a href=\"https:\/\/www.galistra.pl\/de\/kat\/projekte-top\/\" class=\"advgb-post-tax-term\">zakopane<\/a>"],"unlinked":["<span class=\"advgb-post-tax-term\">galistra<\/span>","<span class=\"advgb-post-tax-term\">zakopane<\/span>"]}},"comment_count":"0","relative_dates":{"created":"Ver\u00f6ffentlicht 4\u00a0Jahren vor","modified":"Aktualisiert 5\u00a0Monaten vor"},"absolute_dates":{"created":"Ver\u00f6ffentlicht am 7 April 2022","modified":"Aktualisiert am 9 Dezember 2025"},"absolute_dates_time":{"created":"Ver\u00f6ffentlicht am 7 April 2022 13:35","modified":"Aktualisiert am 9 Dezember 2025 19:43"},"featured_img_caption":"","series_order":"","_links":{"self":[{"href":"https:\/\/www.galistra.pl\/de\/wp-json\/wp\/v2\/posts\/5991","targetHints":{"allow":["GET"]}}],"collection":[{"href":"https:\/\/www.galistra.pl\/de\/wp-json\/wp\/v2\/posts"}],"about":[{"href":"https:\/\/www.galistra.pl\/de\/wp-json\/wp\/v2\/types\/post"}],"author":[{"embeddable":true,"href":"https:\/\/www.galistra.pl\/de\/wp-json\/wp\/v2\/users\/3"}],"replies":[{"embeddable":true,"href":"https:\/\/www.galistra.pl\/de\/wp-json\/wp\/v2\/comments?post=5991"}],"version-history":[{"count":1,"href":"https:\/\/www.galistra.pl\/de\/wp-json\/wp\/v2\/posts\/5991\/revisions"}],"predecessor-version":[{"id":5992,"href":"https:\/\/www.galistra.pl\/de\/wp-json\/wp\/v2\/posts\/5991\/revisions\/5992"}],"wp:featuredmedia":[{"embeddable":true,"href":"https:\/\/www.galistra.pl\/de\/wp-json\/wp\/v2\/media\/5015"}],"wp:attachment":[{"href":"https:\/\/www.galistra.pl\/de\/wp-json\/wp\/v2\/media?parent=5991"}],"wp:term":[{"taxonomy":"category","embeddable":true,"href":"https:\/\/www.galistra.pl\/de\/wp-json\/wp\/v2\/categories?post=5991"},{"taxonomy":"post_tag","embeddable":true,"href":"https:\/\/www.galistra.pl\/de\/wp-json\/wp\/v2\/tags?post=5991"}],"curies":[{"name":"wp","href":"https:\/\/api.w.org\/{rel}","templated":true}]}}