{"id":6077,"date":"2021-03-16T08:29:39","date_gmt":"2021-03-16T07:29:39","guid":{"rendered":"https:\/\/www.galistra.pl\/unkategorisiert\/residenz-pod-orlem-in-zakopane\/"},"modified":"2025-12-10T17:19:21","modified_gmt":"2025-12-10T16:19:21","slug":"residenz-pod-orlem-in-zakopane","status":"publish","type":"post","link":"https:\/\/www.galistra.pl\/de\/aufsicht\/residenz-pod-orlem-in-zakopane\/","title":{"rendered":"Residenz Pod Or\u0142em in Zakopane"},"content":{"rendered":"\n<p class=\"has-white-color has-cyan-bluish-gray-background-color has-text-color has-background\"><strong>\u00dcBERWACHUNGSUMFANG<\/strong>:<br\/>Unvollst\u00e4ndiger Rohbau<\/p>\n\n<p class=\"has-white-color has-cyan-bluish-gray-background-color has-text-color has-background\"><strong>AUSGE\u00dcBTE FUNKTION<\/strong>:<br\/>Bauleiter<\/p>\n\n<p class=\"has-white-color has-cyan-bluish-gray-background-color has-text-color has-background\"><strong>PARAMETER<\/strong>:<br\/>Nutzfl\u00e4che: 1920 m2<\/p>\n\n<figure class=\"wp-block-gallery columns-3 is-cropped wp-block-gallery-1\"><ul class=\"blocks-gallery-grid\"><li class=\"blocks-gallery-item\"><figure><img loading=\"lazy\" decoding=\"async\" width=\"1500\" height=\"1000\" src=\"https:\/\/www.galistra.pl\/wp-content\/uploads\/2021\/04\/budynek-rezydencji-pod-orlem.jpg\" alt=\"\" data-id=\"1443\" data-link=\"https:\/\/www.galistra.pl\/nadzor\/rezydencja-pod-orlem-zakopane\/attachment\/budynek-rezydencji-pod-orlem\/\" class=\"wp-image-1443\" srcset=\"https:\/\/www.galistra.pl\/wp-content\/uploads\/2021\/04\/budynek-rezydencji-pod-orlem.jpg 1500w, https:\/\/www.galistra.pl\/wp-content\/uploads\/2021\/04\/budynek-rezydencji-pod-orlem-768x512.jpg 768w\" sizes=\"auto, (max-width: 1500px) 100vw, 1500px\" \/><\/figure><\/li><li class=\"blocks-gallery-item\"><figure><img loading=\"lazy\" decoding=\"async\" width=\"883\" height=\"600\" src=\"https:\/\/www.galistra.pl\/wp-content\/uploads\/2021\/04\/jpg.jpg\" alt=\"\" data-id=\"1444\" data-full-url=\"https:\/\/www.galistra.pl\/wp-content\/uploads\/2021\/04\/jpg.jpg\" data-link=\"https:\/\/www.galistra.pl\/nadzor\/rezydencja-pod-orlem-zakopane\/attachment\/jpg\/\" class=\"wp-image-1444\" srcset=\"https:\/\/www.galistra.pl\/wp-content\/uploads\/2021\/04\/jpg.jpg 883w, https:\/\/www.galistra.pl\/wp-content\/uploads\/2021\/04\/jpg-768x522.jpg 768w\" sizes=\"auto, (max-width: 883px) 100vw, 883px\" \/><\/figure><\/li><li class=\"blocks-gallery-item\"><figure><img loading=\"lazy\" decoding=\"async\" width=\"900\" height=\"550\" src=\"https:\/\/www.galistra.pl\/wp-content\/uploads\/2021\/03\/tuwima_f_2_900_1.jpg\" alt=\"\" data-id=\"1062\" data-link=\"https:\/\/www.galistra.pl\/?attachment_id=1062\" class=\"wp-image-1062 is-layout-flex wp-block-gallery-is-layout-flex\" srcset=\"https:\/\/www.galistra.pl\/wp-content\/uploads\/2021\/03\/tuwima_f_2_900_1.jpg 900w, https:\/\/www.galistra.pl\/wp-content\/uploads\/2021\/03\/tuwima_f_2_900_1-768x469.jpg 768w\" sizes=\"auto, (max-width: 900px) 100vw, 900px\" \/><\/figure><\/li><\/ul><\/figure>\n<p>Freistehendes Mehrfamilienhaus, voll unterkellert, mehrgeschossig. Vielgliedriges Dach. Baugrubensicherung mittels Berliner Verbau.  <\/p>\n","protected":false},"excerpt":{"rendered":"<p>\u00dcBERWACHUNGSUMFANG:Unvollst\u00e4ndiger Rohbau AUSGE\u00dcBTE FUNKTION:Bauleiter PARAMETER:Nutzfl\u00e4che: 1920 m2 Freistehendes Mehrfamilienhaus, voll unterkellert, mehrgeschossig. Vielgliedriges Dach. Baugrubensicherung mittels Berliner Verbau.<\/p>\n","protected":false},"author":1,"featured_media":4395,"comment_status":"open","ping_status":"open","sticky":false,"template":"","format":"standard","meta":{"_acf_changed":false,"advgb_blocks_editor_width":"","advgb_blocks_columns_visual_guide":"","footnotes":""},"categories":[43],"tags":[],"class_list":["post-6077","post","type-post","status-publish","format-standard","has-post-thumbnail","hentry","category-aufsicht"],"acf":[],"aioseo_notices":[],"author_meta":{"display_name":"nf","author_link":"https:\/\/www.galistra.pl\/de\/author\/nf\/"},"featured_img":"https:\/\/www.galistra.pl\/wp-content\/uploads\/2021\/04\/budynek-rezydencji-pod-orlem.jpg","coauthors":[],"tax_additional":{"categories":{"linked":["<a href=\"https:\/\/www.galistra.pl\/de\/kat\/aufsicht\/\" class=\"advgb-post-tax-term\">Aufsicht<\/a>"],"unlinked":["<span class=\"advgb-post-tax-term\">Aufsicht<\/span>"]}},"comment_count":"0","relative_dates":{"created":"Ver\u00f6ffentlicht 5\u00a0Jahren vor","modified":"Aktualisiert 5\u00a0Monaten vor"},"absolute_dates":{"created":"Ver\u00f6ffentlicht am 16 M\u00e4rz 2021","modified":"Aktualisiert am 10 Dezember 2025"},"absolute_dates_time":{"created":"Ver\u00f6ffentlicht am 16 M\u00e4rz 2021 08:29","modified":"Aktualisiert am 10 Dezember 2025 17:19"},"featured_img_caption":"","series_order":"","_links":{"self":[{"href":"https:\/\/www.galistra.pl\/de\/wp-json\/wp\/v2\/posts\/6077","targetHints":{"allow":["GET"]}}],"collection":[{"href":"https:\/\/www.galistra.pl\/de\/wp-json\/wp\/v2\/posts"}],"about":[{"href":"https:\/\/www.galistra.pl\/de\/wp-json\/wp\/v2\/types\/post"}],"author":[{"embeddable":true,"href":"https:\/\/www.galistra.pl\/de\/wp-json\/wp\/v2\/users\/1"}],"replies":[{"embeddable":true,"href":"https:\/\/www.galistra.pl\/de\/wp-json\/wp\/v2\/comments?post=6077"}],"version-history":[{"count":1,"href":"https:\/\/www.galistra.pl\/de\/wp-json\/wp\/v2\/posts\/6077\/revisions"}],"predecessor-version":[{"id":6078,"href":"https:\/\/www.galistra.pl\/de\/wp-json\/wp\/v2\/posts\/6077\/revisions\/6078"}],"wp:featuredmedia":[{"embeddable":true,"href":"https:\/\/www.galistra.pl\/de\/wp-json\/wp\/v2\/media\/4395"}],"wp:attachment":[{"href":"https:\/\/www.galistra.pl\/de\/wp-json\/wp\/v2\/media?parent=6077"}],"wp:term":[{"taxonomy":"category","embeddable":true,"href":"https:\/\/www.galistra.pl\/de\/wp-json\/wp\/v2\/categories?post=6077"},{"taxonomy":"post_tag","embeddable":true,"href":"https:\/\/www.galistra.pl\/de\/wp-json\/wp\/v2\/tags?post=6077"}],"curies":[{"name":"wp","href":"https:\/\/api.w.org\/{rel}","templated":true}]}}