{"id":6085,"date":"2021-03-16T08:25:04","date_gmt":"2021-03-16T07:25:04","guid":{"rendered":"https:\/\/www.galistra.pl\/unkategorisiert\/technologiepark-multimedia-stadt-in-nowy-sacz\/"},"modified":"2025-12-10T17:36:19","modified_gmt":"2025-12-10T16:36:19","slug":"technologiepark-multimedia-stadt-in-nowy-sacz","status":"publish","type":"post","link":"https:\/\/www.galistra.pl\/de\/aufsicht\/technologiepark-multimedia-stadt-in-nowy-sacz\/","title":{"rendered":"Technologiepark \u2013 Multimedia-Stadt in Nowy S\u0105cz"},"content":{"rendered":"\n<p class=\"has-white-color has-cyan-bluish-gray-background-color has-text-color has-background\"><strong>\u00dcBERWACHUNGSUMFANG<\/strong>:<br\/>Unvollst\u00e4ndiger Rohbau<\/p>\n\n<p class=\"has-white-color has-cyan-bluish-gray-background-color has-text-color has-background\"><strong>AUSGE\u00dcBTE FUNKTION<\/strong>:<br\/>Bauingenieur<\/p>\n\n<p class=\"has-white-color has-cyan-bluish-gray-background-color has-text-color has-background\"><strong>PARAMETER<\/strong>:<br\/>Nutzfl\u00e4che: 17 739 m2<\/p>\n\n<figure class=\"wp-block-gallery columns-3 is-cropped wp-block-gallery-1\"><ul class=\"blocks-gallery-grid\"><li class=\"blocks-gallery-item\"><figure><img loading=\"lazy\" decoding=\"async\" width=\"750\" height=\"430\" src=\"https:\/\/www.galistra.pl\/wp-content\/uploads\/2021\/04\/Miasteczko_multi-750x430-1.jpg\" alt=\"\" data-id=\"1430\" data-full-url=\"https:\/\/www.galistra.pl\/wp-content\/uploads\/2021\/04\/Miasteczko_multi-750x430-1.jpg\" data-link=\"https:\/\/www.galistra.pl\/nadzor\/park-technologiczny-miasteczko-multimedialne-w-nowym-saczu\/attachment\/miasteczko_multi-750x430-1\/\" class=\"wp-image-1430\"\/><\/figure><\/li><li class=\"blocks-gallery-item\"><figure><img loading=\"lazy\" decoding=\"async\" width=\"900\" height=\"550\" src=\"https:\/\/www.galistra.pl\/wp-content\/uploads\/2021\/03\/miasteczko-multimedialne_f_1_900_1.jpg\" alt=\"\" data-id=\"1048\" data-link=\"https:\/\/www.galistra.pl\/?attachment_id=1048\" class=\"wp-image-1048\" srcset=\"https:\/\/www.galistra.pl\/wp-content\/uploads\/2021\/03\/miasteczko-multimedialne_f_1_900_1.jpg 900w, https:\/\/www.galistra.pl\/wp-content\/uploads\/2021\/03\/miasteczko-multimedialne_f_1_900_1-768x469.jpg 768w\" sizes=\"auto, (max-width: 900px) 100vw, 900px\" \/><\/figure><\/li><li class=\"blocks-gallery-item\"><figure><img loading=\"lazy\" decoding=\"async\" width=\"860\" height=\"573\" src=\"https:\/\/www.galistra.pl\/wp-content\/uploads\/2021\/04\/301148_490474417632349_1673288240_n.jpg\" alt=\"\" data-id=\"1429\" data-full-url=\"https:\/\/www.galistra.pl\/wp-content\/uploads\/2021\/04\/301148_490474417632349_1673288240_n.jpg\" data-link=\"https:\/\/www.galistra.pl\/nadzor\/park-technologiczny-miasteczko-multimedialne-w-nowym-saczu\/attachment\/301148_490474417632349_1673288240_n\/\" class=\"wp-image-1429 is-layout-flex wp-block-gallery-is-layout-flex\" srcset=\"https:\/\/www.galistra.pl\/wp-content\/uploads\/2021\/04\/301148_490474417632349_1673288240_n.jpg 860w, https:\/\/www.galistra.pl\/wp-content\/uploads\/2021\/04\/301148_490474417632349_1673288240_n-768x512.jpg 768w\" sizes=\"auto, (max-width: 860px) 100vw, 860px\" \/><\/figure><\/li><\/ul><\/figure>\n<p>Das Geb\u00e4ude ist direkt auf Einzel- und Streifenfundamenten auf Felsuntergrund gegr\u00fcndet. Ebene -1 ist eine eingeschossige Garage in Platten-St\u00fctzen-Konstruktion sowie Erschlie\u00dfungsbereiche und L\u00f6schwasserbeh\u00e4lter. Die Ebenen 0, +1 und +2 sind Handels-, Dienstleistungs- und B\u00fcrofl\u00e4chen. Deckenplatten mit einer St\u00e4rke von 25 cm mit Verst\u00e4rkungen. Es wurden zwei Au\u00dfenkragarme mit Auskragungen von 15 Metern und 12 Metern in Stahlverbundbauweise ausgef\u00fchrt. Geb\u00e4ude in Stahlbetonkonstruktion sowie stellenweise aus HEB- und IPE-Profilen.<\/p>\n","protected":false},"excerpt":{"rendered":"<p>\u00dcBERWACHUNGSUMFANG:Unvollst\u00e4ndiger Rohbau AUSGE\u00dcBTE FUNKTION:Bauingenieur PARAMETER:Nutzfl\u00e4che: 17 739 m2 Das Geb\u00e4ude ist direkt auf Einzel- und Streifenfundamenten auf Felsuntergrund gegr\u00fcndet. Ebene -1 ist eine eingeschossige Garage in Platten-St\u00fctzen-Konstruktion sowie Erschlie\u00dfungsbereiche und L\u00f6schwasserbeh\u00e4lter. Die Ebenen 0, +1 und +2 sind Handels-, Dienstleistungs- und B\u00fcrofl\u00e4chen. Deckenplatten mit einer St\u00e4rke von 25 cm mit Verst\u00e4rkungen. Es wurden zwei Au\u00dfenkragarme [&hellip;]<\/p>\n","protected":false},"author":1,"featured_media":4383,"comment_status":"open","ping_status":"open","sticky":false,"template":"","format":"standard","meta":{"_acf_changed":false,"advgb_blocks_editor_width":"","advgb_blocks_columns_visual_guide":"","footnotes":""},"categories":[43],"tags":[],"class_list":["post-6085","post","type-post","status-publish","format-standard","has-post-thumbnail","hentry","category-aufsicht"],"acf":[],"aioseo_notices":[],"author_meta":{"display_name":"nf","author_link":"https:\/\/www.galistra.pl\/de\/author\/nf\/"},"featured_img":"https:\/\/www.galistra.pl\/wp-content\/uploads\/2021\/04\/Miasteczko_multi-750x430-1.jpg","coauthors":[],"tax_additional":{"categories":{"linked":["<a href=\"https:\/\/www.galistra.pl\/de\/kat\/aufsicht\/\" class=\"advgb-post-tax-term\">Aufsicht<\/a>"],"unlinked":["<span class=\"advgb-post-tax-term\">Aufsicht<\/span>"]}},"comment_count":"0","relative_dates":{"created":"Ver\u00f6ffentlicht 5\u00a0Jahren vor","modified":"Aktualisiert 5\u00a0Monaten vor"},"absolute_dates":{"created":"Ver\u00f6ffentlicht am 16 M\u00e4rz 2021","modified":"Aktualisiert am 10 Dezember 2025"},"absolute_dates_time":{"created":"Ver\u00f6ffentlicht am 16 M\u00e4rz 2021 08:25","modified":"Aktualisiert am 10 Dezember 2025 17:36"},"featured_img_caption":"","series_order":"","_links":{"self":[{"href":"https:\/\/www.galistra.pl\/de\/wp-json\/wp\/v2\/posts\/6085","targetHints":{"allow":["GET"]}}],"collection":[{"href":"https:\/\/www.galistra.pl\/de\/wp-json\/wp\/v2\/posts"}],"about":[{"href":"https:\/\/www.galistra.pl\/de\/wp-json\/wp\/v2\/types\/post"}],"author":[{"embeddable":true,"href":"https:\/\/www.galistra.pl\/de\/wp-json\/wp\/v2\/users\/1"}],"replies":[{"embeddable":true,"href":"https:\/\/www.galistra.pl\/de\/wp-json\/wp\/v2\/comments?post=6085"}],"version-history":[{"count":1,"href":"https:\/\/www.galistra.pl\/de\/wp-json\/wp\/v2\/posts\/6085\/revisions"}],"predecessor-version":[{"id":6086,"href":"https:\/\/www.galistra.pl\/de\/wp-json\/wp\/v2\/posts\/6085\/revisions\/6086"}],"wp:featuredmedia":[{"embeddable":true,"href":"https:\/\/www.galistra.pl\/de\/wp-json\/wp\/v2\/media\/4383"}],"wp:attachment":[{"href":"https:\/\/www.galistra.pl\/de\/wp-json\/wp\/v2\/media?parent=6085"}],"wp:term":[{"taxonomy":"category","embeddable":true,"href":"https:\/\/www.galistra.pl\/de\/wp-json\/wp\/v2\/categories?post=6085"},{"taxonomy":"post_tag","embeddable":true,"href":"https:\/\/www.galistra.pl\/de\/wp-json\/wp\/v2\/tags?post=6085"}],"curies":[{"name":"wp","href":"https:\/\/api.w.org\/{rel}","templated":true}]}}