{"id":6097,"date":"2021-03-15T18:11:42","date_gmt":"2021-03-15T17:11:42","guid":{"rendered":"https:\/\/www.galistra.pl\/unkategorisiert\/staedtisches-parkhaus-in-limanowa\/"},"modified":"2025-12-10T17:49:57","modified_gmt":"2025-12-10T16:49:57","slug":"staedtisches-parkhaus-in-limanowa","status":"publish","type":"post","link":"https:\/\/www.galistra.pl\/de\/projekte\/staedtisches-parkhaus-in-limanowa\/","title":{"rendered":"St\u00e4dtisches Parkhaus in Limanowa"},"content":{"rendered":"\n<p class=\"has-white-color has-cyan-bluish-gray-background-color has-text-color has-background\"><strong>LEISTUNGSUMFANG<\/strong>:<br\/>Ausf\u00fchrungsplanung<\/p>\n\n<p class=\"has-white-color has-cyan-bluish-gray-background-color has-text-color has-background\"><strong>PARAMETER<\/strong>:<br\/>Nutzfl\u00e4che: 4 600 m2<\/p>\n\n<p class=\"has-white-color has-cyan-bluish-gray-background-color has-text-color has-background\"><strong>PLANUNGSZEITRAUM<\/strong>:<br\/>Ausf\u00fchrungsplanung: Februar &#8211; Juni 2020<\/p>\n\n<p class=\"has-white-color has-cyan-bluish-gray-background-color has-text-color has-background\"><strong>ARCHITEKTUR<\/strong>:<br\/>Designstudio AMBIENT<\/p>\n\n<figure class=\"wp-block-gallery columns-3 is-cropped wp-block-gallery-1\"><ul class=\"blocks-gallery-grid\"><li class=\"blocks-gallery-item\"><figure><img loading=\"lazy\" decoding=\"async\" width=\"900\" height=\"550\" src=\"https:\/\/www.galistra.pl\/wp-content\/uploads\/2021\/03\/parking_f_2_900_1.jpg\" alt=\"\" data-id=\"822\" data-link=\"https:\/\/www.galistra.pl\/?attachment_id=822\" class=\"wp-image-822\" srcset=\"https:\/\/www.galistra.pl\/wp-content\/uploads\/2021\/03\/parking_f_2_900_1.jpg 900w, https:\/\/www.galistra.pl\/wp-content\/uploads\/2021\/03\/parking_f_2_900_1-768x469.jpg 768w\" sizes=\"auto, (max-width: 900px) 100vw, 900px\" \/><\/figure><\/li><li class=\"blocks-gallery-item\"><figure><img loading=\"lazy\" decoding=\"async\" width=\"900\" height=\"550\" src=\"https:\/\/www.galistra.pl\/wp-content\/uploads\/2021\/03\/parking_f_1_900_1.jpg\" alt=\"\" data-id=\"823\" data-link=\"https:\/\/www.galistra.pl\/?attachment_id=823\" class=\"wp-image-823\" srcset=\"https:\/\/www.galistra.pl\/wp-content\/uploads\/2021\/03\/parking_f_1_900_1.jpg 900w, https:\/\/www.galistra.pl\/wp-content\/uploads\/2021\/03\/parking_f_1_900_1-768x469.jpg 768w\" sizes=\"auto, (max-width: 900px) 100vw, 900px\" \/><\/figure><\/li><li class=\"blocks-gallery-item\"><figure><img loading=\"lazy\" decoding=\"async\" width=\"1024\" height=\"584\" src=\"https:\/\/www.galistra.pl\/wp-content\/uploads\/2021\/04\/wielopoziomowy-parking-limanowa-1024x584-1.jpg\" alt=\"\" data-id=\"1727\" data-full-url=\"https:\/\/www.galistra.pl\/wp-content\/uploads\/2021\/04\/wielopoziomowy-parking-limanowa-1024x584-1.jpg\" data-link=\"https:\/\/www.galistra.pl\/projekty\/parking-limanowa\/attachment\/wielopoziomowy-parking-limanowa-1024x584-1\/\" class=\"wp-image-1727\" srcset=\"https:\/\/www.galistra.pl\/wp-content\/uploads\/2021\/04\/wielopoziomowy-parking-limanowa-1024x584-1.jpg 1024w, https:\/\/www.galistra.pl\/wp-content\/uploads\/2021\/04\/wielopoziomowy-parking-limanowa-1024x584-1-768x438.jpg 768w\" sizes=\"auto, (max-width: 1024px) 100vw, 1024px\" \/><\/figure><\/li><li class=\"blocks-gallery-item\"><figure><img loading=\"lazy\" decoding=\"async\" width=\"640\" height=\"371\" src=\"https:\/\/www.galistra.pl\/wp-content\/uploads\/2021\/04\/6051fa6c63e80_o_medium.jpg\" alt=\"\" data-id=\"1722\" data-full-url=\"https:\/\/www.galistra.pl\/wp-content\/uploads\/2021\/04\/6051fa6c63e80_o_medium.jpg\" data-link=\"https:\/\/www.galistra.pl\/projekty\/parking-limanowa\/attachment\/6051fa6c63e80_o_medium\/\" class=\"wp-image-1722\"\/><\/figure><\/li><li class=\"blocks-gallery-item\"><figure><img loading=\"lazy\" decoding=\"async\" width=\"600\" height=\"400\" src=\"https:\/\/www.galistra.pl\/wp-content\/uploads\/2021\/04\/c1cfa97e44c2901eb7fa1af790846242_big.jpg\" alt=\"\" data-id=\"1723\" data-full-url=\"https:\/\/www.galistra.pl\/wp-content\/uploads\/2021\/04\/c1cfa97e44c2901eb7fa1af790846242_big.jpg\" data-link=\"https:\/\/www.galistra.pl\/projekty\/parking-limanowa\/attachment\/c1cfa97e44c2901eb7fa1af790846242_big\/\" class=\"wp-image-1723\"\/><\/figure><\/li><li class=\"blocks-gallery-item\"><figure><img loading=\"lazy\" decoding=\"async\" width=\"1024\" height=\"1024\" src=\"https:\/\/www.galistra.pl\/wp-content\/uploads\/2021\/04\/Gotowe-001-1024x1024-1.jpg\" alt=\"\" data-id=\"1724\" data-full-url=\"https:\/\/www.galistra.pl\/wp-content\/uploads\/2021\/04\/Gotowe-001-1024x1024-1.jpg\" data-link=\"https:\/\/www.galistra.pl\/projekty\/parking-limanowa\/attachment\/gotowe-001-1024x1024-1\/\" class=\"wp-image-1724\" srcset=\"https:\/\/www.galistra.pl\/wp-content\/uploads\/2021\/04\/Gotowe-001-1024x1024-1.jpg 1024w, https:\/\/www.galistra.pl\/wp-content\/uploads\/2021\/04\/Gotowe-001-1024x1024-1-150x150.jpg 150w, https:\/\/www.galistra.pl\/wp-content\/uploads\/2021\/04\/Gotowe-001-1024x1024-1-768x768.jpg 768w\" sizes=\"auto, (max-width: 1024px) 100vw, 1024px\" \/><\/figure><\/li><li class=\"blocks-gallery-item\"><figure><img loading=\"lazy\" decoding=\"async\" width=\"1024\" height=\"617\" src=\"https:\/\/www.galistra.pl\/wp-content\/uploads\/2021\/04\/parking_limanowa_24_0.jpg\" alt=\"\" data-id=\"1725\" data-full-url=\"https:\/\/www.galistra.pl\/wp-content\/uploads\/2021\/04\/parking_limanowa_24_0.jpg\" data-link=\"https:\/\/www.galistra.pl\/projekty\/parking-limanowa\/attachment\/parking_limanowa_24_0\/\" class=\"wp-image-1725\" srcset=\"https:\/\/www.galistra.pl\/wp-content\/uploads\/2021\/04\/parking_limanowa_24_0.jpg 1024w, https:\/\/www.galistra.pl\/wp-content\/uploads\/2021\/04\/parking_limanowa_24_0-768x463.jpg 768w\" sizes=\"auto, (max-width: 1024px) 100vw, 1024px\" \/><\/figure><\/li><li class=\"blocks-gallery-item\"><figure><img loading=\"lazy\" decoding=\"async\" width=\"2048\" height=\"1365\" src=\"https:\/\/www.galistra.pl\/wp-content\/uploads\/2021\/04\/parking_limanowa_fot_miasto_limanowa-9.jpg\" alt=\"\" data-id=\"1726\" data-full-url=\"https:\/\/www.galistra.pl\/wp-content\/uploads\/2021\/04\/parking_limanowa_fot_miasto_limanowa-9.jpg\" data-link=\"https:\/\/www.galistra.pl\/projekty\/parking-limanowa\/attachment\/parking_limanowa_fot_miasto_limanowa-9\/\" class=\"wp-image-1726 is-layout-flex wp-block-gallery-is-layout-flex\" srcset=\"https:\/\/www.galistra.pl\/wp-content\/uploads\/2021\/04\/parking_limanowa_fot_miasto_limanowa-9.jpg 2048w, https:\/\/www.galistra.pl\/wp-content\/uploads\/2021\/04\/parking_limanowa_fot_miasto_limanowa-9-768x512.jpg 768w, https:\/\/www.galistra.pl\/wp-content\/uploads\/2021\/04\/parking_limanowa_fot_miasto_limanowa-9-1536x1024.jpg 1536w\" sizes=\"auto, (max-width: 2048px) 100vw, 2048px\" \/><\/figure><\/li><\/ul><\/figure>\n<p>Das von unserem Team entworfene mehrgeschossige Parkhaus befindet sich in unmittelbarer Nachbarschaft der Basilika der Schmerzensmutter in Limanowa. Es verf\u00fcgt \u00fcber 250 Stellpl\u00e4tze, und die Architektur nimmt Bezug auf den nahegelegenen Feldaltar. Die Konstruktion des Geb\u00e4udes ist ein Platten-St\u00fctzen-System. Die Gr\u00fcndung erfolgte auf Einzel- und Streifenfundamenten. Aufzugssch\u00e4chte und Treppenh\u00e4user sind vollst\u00e4ndig aus monolithischem Stahlbeton ausgef\u00fchrt. Alle drei Ebenen werden durch zwei Rampen verbunden. Die oberste, dritte Ebene wird durch Stahlbetonattiken mit charakteristischen bogenf\u00f6rmigen Durchbr\u00fcchen gesichert.     <\/p>\n","protected":false},"excerpt":{"rendered":"<p>LEISTUNGSUMFANG:Ausf\u00fchrungsplanung PARAMETER:Nutzfl\u00e4che: 4 600 m2 PLANUNGSZEITRAUM:Ausf\u00fchrungsplanung: Februar &#8211; Juni 2020 ARCHITEKTUR:Designstudio AMBIENT Das von unserem Team entworfene mehrgeschossige Parkhaus befindet sich in unmittelbarer Nachbarschaft der Basilika der Schmerzensmutter in Limanowa. Es verf\u00fcgt \u00fcber 250 Stellpl\u00e4tze, und die Architektur nimmt Bezug auf den nahegelegenen Feldaltar. Die Konstruktion des Geb\u00e4udes ist ein Platten-St\u00fctzen-System. Die Gr\u00fcndung erfolgte auf [&hellip;]<\/p>\n","protected":false},"author":1,"featured_media":4615,"comment_status":"open","ping_status":"open","sticky":false,"template":"","format":"standard","meta":{"_acf_changed":false,"advgb_blocks_editor_width":"","advgb_blocks_columns_visual_guide":"","footnotes":""},"categories":[45],"tags":[],"class_list":["post-6097","post","type-post","status-publish","format-standard","has-post-thumbnail","hentry","category-projekte"],"acf":[],"aioseo_notices":[],"author_meta":{"display_name":"nf","author_link":"https:\/\/www.galistra.pl\/de\/author\/nf\/"},"featured_img":"https:\/\/www.galistra.pl\/wp-content\/uploads\/2021\/04\/c1cfa97e44c2901eb7fa1af790846242_big.jpg","coauthors":[],"tax_additional":{"categories":{"linked":["<a href=\"https:\/\/www.galistra.pl\/de\/kat\/projekte\/\" class=\"advgb-post-tax-term\">Projekte<\/a>"],"unlinked":["<span class=\"advgb-post-tax-term\">Projekte<\/span>"]}},"comment_count":"0","relative_dates":{"created":"Ver\u00f6ffentlicht 5\u00a0Jahren vor","modified":"Aktualisiert 5\u00a0Monaten vor"},"absolute_dates":{"created":"Ver\u00f6ffentlicht am 15 M\u00e4rz 2021","modified":"Aktualisiert am 10 Dezember 2025"},"absolute_dates_time":{"created":"Ver\u00f6ffentlicht am 15 M\u00e4rz 2021 18:11","modified":"Aktualisiert am 10 Dezember 2025 17:49"},"featured_img_caption":"","series_order":"","_links":{"self":[{"href":"https:\/\/www.galistra.pl\/de\/wp-json\/wp\/v2\/posts\/6097","targetHints":{"allow":["GET"]}}],"collection":[{"href":"https:\/\/www.galistra.pl\/de\/wp-json\/wp\/v2\/posts"}],"about":[{"href":"https:\/\/www.galistra.pl\/de\/wp-json\/wp\/v2\/types\/post"}],"author":[{"embeddable":true,"href":"https:\/\/www.galistra.pl\/de\/wp-json\/wp\/v2\/users\/1"}],"replies":[{"embeddable":true,"href":"https:\/\/www.galistra.pl\/de\/wp-json\/wp\/v2\/comments?post=6097"}],"version-history":[{"count":1,"href":"https:\/\/www.galistra.pl\/de\/wp-json\/wp\/v2\/posts\/6097\/revisions"}],"predecessor-version":[{"id":6098,"href":"https:\/\/www.galistra.pl\/de\/wp-json\/wp\/v2\/posts\/6097\/revisions\/6098"}],"wp:featuredmedia":[{"embeddable":true,"href":"https:\/\/www.galistra.pl\/de\/wp-json\/wp\/v2\/media\/4615"}],"wp:attachment":[{"href":"https:\/\/www.galistra.pl\/de\/wp-json\/wp\/v2\/media?parent=6097"}],"wp:term":[{"taxonomy":"category","embeddable":true,"href":"https:\/\/www.galistra.pl\/de\/wp-json\/wp\/v2\/categories?post=6097"},{"taxonomy":"post_tag","embeddable":true,"href":"https:\/\/www.galistra.pl\/de\/wp-json\/wp\/v2\/tags?post=6097"}],"curies":[{"name":"wp","href":"https:\/\/api.w.org\/{rel}","templated":true}]}}