{"id":6123,"date":"2021-01-25T19:01:43","date_gmt":"2021-01-25T18:01:43","guid":{"rendered":"https:\/\/www.galistra.pl\/unkategorisiert\/komplex-aus-einfamilienhaeusern-in-zakopane\/"},"modified":"2025-12-10T18:25:03","modified_gmt":"2025-12-10T17:25:03","slug":"komplex-aus-einfamilienhaeusern-in-zakopane","status":"publish","type":"post","link":"https:\/\/www.galistra.pl\/de\/projekte\/komplex-aus-einfamilienhaeusern-in-zakopane\/","title":{"rendered":"Komplex aus Einfamilienh\u00e4usern in Zakopane"},"content":{"rendered":"\n<p class=\"has-white-color has-cyan-bluish-gray-background-color has-text-color has-background\"><strong>UMFANG<\/strong>:<br\/>Baugenehmigungsplanung \/ Ausf\u00fchrungsplanung<\/p>\n\n<p class=\"has-white-color has-cyan-bluish-gray-background-color has-text-color has-background\"><strong>PARAMETER<\/strong>:<br\/>Gesamtfl\u00e4che: 1280 m2<\/p>\n\n<p class=\"has-white-color has-cyan-bluish-gray-background-color has-text-color has-background\"><strong>PLANUNGSZEITRAUM<\/strong>:<br\/>Baugenehmigungsplanung: M\u00e4rz 2019 \/ Ausf\u00fchrungsplanung: April 2019<\/p>\n\n<p class=\"has-white-color has-cyan-bluish-gray-background-color has-text-color has-background\"><strong>ARCHITEKTUR<\/strong>:<br\/>AMAR Architekci<\/p>\n\n<figure class=\"wp-block-gallery columns-3 wp-block-gallery-1\"><ul class=\"blocks-gallery-grid\"><li class=\"blocks-gallery-item\"><figure><img loading=\"lazy\" decoding=\"async\" width=\"900\" height=\"550\" src=\"https:\/\/www.galistra.pl\/wp-content\/uploads\/2021\/03\/kmicica_f_4_900_1.jpg\" alt=\"\" data-id=\"877\" data-link=\"https:\/\/www.galistra.pl\/?attachment_id=877\" class=\"wp-image-877\" srcset=\"https:\/\/www.galistra.pl\/wp-content\/uploads\/2021\/03\/kmicica_f_4_900_1.jpg 900w, https:\/\/www.galistra.pl\/wp-content\/uploads\/2021\/03\/kmicica_f_4_900_1-768x469.jpg 768w\" sizes=\"auto, (max-width: 900px) 100vw, 900px\" \/><\/figure><\/li><li class=\"blocks-gallery-item\"><figure><img loading=\"lazy\" decoding=\"async\" width=\"900\" height=\"550\" src=\"https:\/\/www.galistra.pl\/wp-content\/uploads\/2021\/03\/kmicica_f_3_900_1.jpg\" alt=\"\" data-id=\"878\" data-link=\"https:\/\/www.galistra.pl\/?attachment_id=878\" class=\"wp-image-878\" srcset=\"https:\/\/www.galistra.pl\/wp-content\/uploads\/2021\/03\/kmicica_f_3_900_1.jpg 900w, https:\/\/www.galistra.pl\/wp-content\/uploads\/2021\/03\/kmicica_f_3_900_1-768x469.jpg 768w\" sizes=\"auto, (max-width: 900px) 100vw, 900px\" \/><\/figure><\/li><li class=\"blocks-gallery-item\"><figure><img loading=\"lazy\" decoding=\"async\" width=\"900\" height=\"550\" src=\"https:\/\/www.galistra.pl\/wp-content\/uploads\/2021\/03\/kmicica_f_2_900_1.jpg\" alt=\"\" data-id=\"879\" data-link=\"https:\/\/www.galistra.pl\/?attachment_id=879\" class=\"wp-image-879\" srcset=\"https:\/\/www.galistra.pl\/wp-content\/uploads\/2021\/03\/kmicica_f_2_900_1.jpg 900w, https:\/\/www.galistra.pl\/wp-content\/uploads\/2021\/03\/kmicica_f_2_900_1-768x469.jpg 768w\" sizes=\"auto, (max-width: 900px) 100vw, 900px\" \/><\/figure><\/li><li class=\"blocks-gallery-item\"><figure><img loading=\"lazy\" decoding=\"async\" width=\"900\" height=\"551\" src=\"https:\/\/www.galistra.pl\/wp-content\/uploads\/2021\/03\/kmicica_f_1_900_1.jpg\" alt=\"\" data-id=\"880\" data-link=\"https:\/\/www.galistra.pl\/?attachment_id=880\" class=\"wp-image-880\" srcset=\"https:\/\/www.galistra.pl\/wp-content\/uploads\/2021\/03\/kmicica_f_1_900_1.jpg 900w, https:\/\/www.galistra.pl\/wp-content\/uploads\/2021\/03\/kmicica_f_1_900_1-768x470.jpg 768w\" sizes=\"auto, (max-width: 900px) 100vw, 900px\" \/><\/figure><\/li><li class=\"blocks-gallery-item\"><figure><img loading=\"lazy\" decoding=\"async\" width=\"2000\" height=\"1500\" src=\"https:\/\/www.galistra.pl\/wp-content\/uploads\/2021\/05\/122264615_3472649582789553_2097197087802962416_n.jpg\" alt=\"\" data-id=\"1829\" data-full-url=\"https:\/\/www.galistra.pl\/wp-content\/uploads\/2021\/05\/122264615_3472649582789553_2097197087802962416_n.jpg\" data-link=\"https:\/\/www.galistra.pl\/projekty\/budowa-budynkow-jednorodzinnych-w-zwartej-zabudowie-zakopane\/attachment\/122264615_3472649582789553_2097197087802962416_n\/\" class=\"wp-image-1829\" srcset=\"https:\/\/www.galistra.pl\/wp-content\/uploads\/2021\/05\/122264615_3472649582789553_2097197087802962416_n.jpg 2000w, https:\/\/www.galistra.pl\/wp-content\/uploads\/2021\/05\/122264615_3472649582789553_2097197087802962416_n-768x576.jpg 768w, https:\/\/www.galistra.pl\/wp-content\/uploads\/2021\/05\/122264615_3472649582789553_2097197087802962416_n-1536x1152.jpg 1536w\" sizes=\"auto, (max-width: 2000px) 100vw, 2000px\" \/><\/figure><\/li><li class=\"blocks-gallery-item\"><figure><img loading=\"lazy\" decoding=\"async\" width=\"1280\" height=\"720\" src=\"https:\/\/www.galistra.pl\/wp-content\/uploads\/2021\/05\/3_000039.jpg\" alt=\"\" data-id=\"1828\" data-full-url=\"https:\/\/www.galistra.pl\/wp-content\/uploads\/2021\/05\/3_000039.jpg\" data-link=\"https:\/\/www.galistra.pl\/projekty\/budowa-budynkow-jednorodzinnych-w-zwartej-zabudowie-zakopane\/attachment\/3_000039\/\" class=\"wp-image-1828 is-layout-flex wp-block-gallery-is-layout-flex\" srcset=\"https:\/\/www.galistra.pl\/wp-content\/uploads\/2021\/05\/3_000039.jpg 1280w, https:\/\/www.galistra.pl\/wp-content\/uploads\/2021\/05\/3_000039-768x432.jpg 768w\" sizes=\"auto, (max-width: 1280px) 100vw, 1280px\" \/><\/figure><\/li><\/ul><\/figure>\n<p>Komplex aus vier Einfamilienwohnh\u00e4usern in kompakter Bebauung. Das Bauvorhaben befindet sich im Zentrum von Zakopane \u2013 an der Grunwaldzka-Stra\u00dfe. Die Geb\u00e4ude wurden viergeschossig geplant. Gr\u00fcndung auf Streifenfundamenten. Das Sockelgeschoss wird durch ein System aus Stahlbetonw\u00e4nden gebildet. Das Tragwerk der oberirdischen Geschosse besteht haupts\u00e4chlich aus Mauerwerksw\u00e4nden und monolithischen Decken. Die Dachbinder lagern auf einer Stahlbetonplatte auf. Satteldach als h\u00f6lzerne Sparrenkonstruktion.       <\/p>\n","protected":false},"excerpt":{"rendered":"<p>UMFANG:Baugenehmigungsplanung \/ Ausf\u00fchrungsplanung PARAMETER:Gesamtfl\u00e4che: 1280 m2 PLANUNGSZEITRAUM:Baugenehmigungsplanung: M\u00e4rz 2019 \/ Ausf\u00fchrungsplanung: April 2019 ARCHITEKTUR:AMAR Architekci Komplex aus vier Einfamilienwohnh\u00e4usern in kompakter Bebauung. Das Bauvorhaben befindet sich im Zentrum von Zakopane \u2013 an der Grunwaldzka-Stra\u00dfe. Die Geb\u00e4ude wurden viergeschossig geplant. Gr\u00fcndung auf Streifenfundamenten. Das Sockelgeschoss wird durch ein System aus Stahlbetonw\u00e4nden gebildet. Das Tragwerk der oberirdischen [&hellip;]<\/p>\n","protected":false},"author":1,"featured_media":4741,"comment_status":"open","ping_status":"open","sticky":false,"template":"","format":"standard","meta":{"_acf_changed":false,"advgb_blocks_editor_width":"","advgb_blocks_columns_visual_guide":"","footnotes":""},"categories":[45],"tags":[],"class_list":["post-6123","post","type-post","status-publish","format-standard","has-post-thumbnail","hentry","category-projekte"],"acf":[],"aioseo_notices":[],"author_meta":{"display_name":"nf","author_link":"https:\/\/www.galistra.pl\/de\/author\/nf\/"},"featured_img":"https:\/\/www.galistra.pl\/wp-content\/uploads\/2021\/05\/wiz2-1024x731-1.jpg","coauthors":[],"tax_additional":{"categories":{"linked":["<a href=\"https:\/\/www.galistra.pl\/de\/kat\/projekte\/\" class=\"advgb-post-tax-term\">Projekte<\/a>"],"unlinked":["<span class=\"advgb-post-tax-term\">Projekte<\/span>"]}},"comment_count":"0","relative_dates":{"created":"Ver\u00f6ffentlicht 5\u00a0Jahren vor","modified":"Aktualisiert 5\u00a0Monaten vor"},"absolute_dates":{"created":"Ver\u00f6ffentlicht am 25 Januar 2021","modified":"Aktualisiert am 10 Dezember 2025"},"absolute_dates_time":{"created":"Ver\u00f6ffentlicht am 25 Januar 2021 19:01","modified":"Aktualisiert am 10 Dezember 2025 18:25"},"featured_img_caption":"","series_order":"","_links":{"self":[{"href":"https:\/\/www.galistra.pl\/de\/wp-json\/wp\/v2\/posts\/6123","targetHints":{"allow":["GET"]}}],"collection":[{"href":"https:\/\/www.galistra.pl\/de\/wp-json\/wp\/v2\/posts"}],"about":[{"href":"https:\/\/www.galistra.pl\/de\/wp-json\/wp\/v2\/types\/post"}],"author":[{"embeddable":true,"href":"https:\/\/www.galistra.pl\/de\/wp-json\/wp\/v2\/users\/1"}],"replies":[{"embeddable":true,"href":"https:\/\/www.galistra.pl\/de\/wp-json\/wp\/v2\/comments?post=6123"}],"version-history":[{"count":1,"href":"https:\/\/www.galistra.pl\/de\/wp-json\/wp\/v2\/posts\/6123\/revisions"}],"predecessor-version":[{"id":6124,"href":"https:\/\/www.galistra.pl\/de\/wp-json\/wp\/v2\/posts\/6123\/revisions\/6124"}],"wp:featuredmedia":[{"embeddable":true,"href":"https:\/\/www.galistra.pl\/de\/wp-json\/wp\/v2\/media\/4741"}],"wp:attachment":[{"href":"https:\/\/www.galistra.pl\/de\/wp-json\/wp\/v2\/media?parent=6123"}],"wp:term":[{"taxonomy":"category","embeddable":true,"href":"https:\/\/www.galistra.pl\/de\/wp-json\/wp\/v2\/categories?post=6123"},{"taxonomy":"post_tag","embeddable":true,"href":"https:\/\/www.galistra.pl\/de\/wp-json\/wp\/v2\/tags?post=6123"}],"curies":[{"name":"wp","href":"https:\/\/api.w.org\/{rel}","templated":true}]}}