{"id":6135,"date":"2021-01-21T17:53:26","date_gmt":"2021-01-21T16:53:26","guid":{"rendered":"https:\/\/www.galistra.pl\/unkategorisiert\/residenz-pod-orlem-ii-in-zakopane\/"},"modified":"2025-12-10T18:39:54","modified_gmt":"2025-12-10T17:39:54","slug":"residenz-pod-orlem-ii-in-zakopane","status":"publish","type":"post","link":"https:\/\/www.galistra.pl\/de\/projekte\/residenz-pod-orlem-ii-in-zakopane\/","title":{"rendered":"Residenz Pod Or\u0142em II in Zakopane"},"content":{"rendered":"\n<p class=\"has-white-color has-cyan-bluish-gray-background-color has-text-color has-background\"><strong>UMFANG<\/strong>:<br\/>Ausf\u00fchrungsplanung<\/p>\n\n<p class=\"has-white-color has-cyan-bluish-gray-background-color has-text-color has-background\"><strong>PARAMETER<\/strong>:<br\/>Gesamtfl\u00e4che: 1 450 m2<\/p>\n\n<p class=\"has-white-color has-cyan-bluish-gray-background-color has-text-color has-background\"><strong>PLANUNGSZEITRAUM<\/strong>:<br\/>Ausf\u00fchrungsplanung: November 2014 &#8211; Februar 2015<\/p>\n\n<p class=\"has-white-color has-cyan-bluish-gray-background-color has-text-color has-background\"><strong>ARCHITEKTUR<\/strong>:<br\/>Przemys\u0142aw Stefanik ARCHITEKT<\/p>\n\n<figure class=\"wp-block-gallery columns-3 is-cropped wp-block-gallery-1\"><ul class=\"blocks-gallery-grid\"><li class=\"blocks-gallery-item\"><figure><img loading=\"lazy\" decoding=\"async\" width=\"900\" height=\"550\" src=\"https:\/\/www.galistra.pl\/wp-content\/uploads\/2021\/03\/goszczynskiego_f_2_900_1.jpg\" alt=\"\" data-id=\"782\" data-full-url=\"https:\/\/www.galistra.pl\/wp-content\/uploads\/2021\/03\/goszczynskiego_f_2_900_1.jpg\" data-link=\"https:\/\/www.galistra.pl\/?attachment_id=782\" class=\"wp-image-782\" srcset=\"https:\/\/www.galistra.pl\/wp-content\/uploads\/2021\/03\/goszczynskiego_f_2_900_1.jpg 900w, https:\/\/www.galistra.pl\/wp-content\/uploads\/2021\/03\/goszczynskiego_f_2_900_1-768x469.jpg 768w\" sizes=\"auto, (max-width: 900px) 100vw, 900px\" \/><\/figure><\/li><li class=\"blocks-gallery-item\"><figure><img loading=\"lazy\" decoding=\"async\" width=\"900\" height=\"550\" src=\"https:\/\/www.galistra.pl\/wp-content\/uploads\/2021\/03\/goszczynskiego_f_1_900_1.jpg\" alt=\"\" data-id=\"783\" data-full-url=\"https:\/\/www.galistra.pl\/wp-content\/uploads\/2021\/03\/goszczynskiego_f_1_900_1.jpg\" data-link=\"https:\/\/www.galistra.pl\/?attachment_id=783\" class=\"wp-image-783\" srcset=\"https:\/\/www.galistra.pl\/wp-content\/uploads\/2021\/03\/goszczynskiego_f_1_900_1.jpg 900w, https:\/\/www.galistra.pl\/wp-content\/uploads\/2021\/03\/goszczynskiego_f_1_900_1-768x469.jpg 768w\" sizes=\"auto, (max-width: 900px) 100vw, 900px\" \/><\/figure><\/li><li class=\"blocks-gallery-item\"><figure><img loading=\"lazy\" decoding=\"async\" width=\"900\" height=\"550\" src=\"https:\/\/www.galistra.pl\/wp-content\/uploads\/2021\/03\/goszczynskiego_f_3_900_1.jpg\" alt=\"\" data-id=\"781\" data-full-url=\"https:\/\/www.galistra.pl\/wp-content\/uploads\/2021\/03\/goszczynskiego_f_3_900_1.jpg\" data-link=\"https:\/\/www.galistra.pl\/?attachment_id=781\" class=\"wp-image-781\" srcset=\"https:\/\/www.galistra.pl\/wp-content\/uploads\/2021\/03\/goszczynskiego_f_3_900_1.jpg 900w, https:\/\/www.galistra.pl\/wp-content\/uploads\/2021\/03\/goszczynskiego_f_3_900_1-768x469.jpg 768w\" sizes=\"auto, (max-width: 900px) 100vw, 900px\" \/><\/figure><\/li><li class=\"blocks-gallery-item\"><figure><img loading=\"lazy\" decoding=\"async\" width=\"900\" height=\"550\" src=\"https:\/\/www.galistra.pl\/wp-content\/uploads\/2021\/03\/goszczynskiego_f_4_900_1.jpg\" alt=\"\" data-id=\"780\" data-full-url=\"https:\/\/www.galistra.pl\/wp-content\/uploads\/2021\/03\/goszczynskiego_f_4_900_1.jpg\" data-link=\"https:\/\/www.galistra.pl\/?attachment_id=780\" class=\"wp-image-780\" srcset=\"https:\/\/www.galistra.pl\/wp-content\/uploads\/2021\/03\/goszczynskiego_f_4_900_1.jpg 900w, https:\/\/www.galistra.pl\/wp-content\/uploads\/2021\/03\/goszczynskiego_f_4_900_1-768x469.jpg 768w\" sizes=\"auto, (max-width: 900px) 100vw, 900px\" \/><\/figure><\/li><li class=\"blocks-gallery-item\"><figure><img loading=\"lazy\" decoding=\"async\" width=\"900\" height=\"550\" src=\"https:\/\/www.galistra.pl\/wp-content\/uploads\/2021\/03\/goszczynskiego_f_5_900_1.jpg\" alt=\"\" data-id=\"779\" data-full-url=\"https:\/\/www.galistra.pl\/wp-content\/uploads\/2021\/03\/goszczynskiego_f_5_900_1.jpg\" data-link=\"https:\/\/www.galistra.pl\/?attachment_id=779\" class=\"wp-image-779\" srcset=\"https:\/\/www.galistra.pl\/wp-content\/uploads\/2021\/03\/goszczynskiego_f_5_900_1.jpg 900w, https:\/\/www.galistra.pl\/wp-content\/uploads\/2021\/03\/goszczynskiego_f_5_900_1-768x469.jpg 768w\" sizes=\"auto, (max-width: 900px) 100vw, 900px\" \/><\/figure><\/li><li class=\"blocks-gallery-item\"><figure><img loading=\"lazy\" decoding=\"async\" width=\"900\" height=\"550\" src=\"https:\/\/www.galistra.pl\/wp-content\/uploads\/2021\/03\/goszczynskiego_f_9_900_1.jpg\" alt=\"\" data-id=\"775\" data-full-url=\"https:\/\/www.galistra.pl\/wp-content\/uploads\/2021\/03\/goszczynskiego_f_9_900_1.jpg\" data-link=\"https:\/\/www.galistra.pl\/?attachment_id=775\" class=\"wp-image-775 is-layout-flex wp-block-gallery-is-layout-flex\" srcset=\"https:\/\/www.galistra.pl\/wp-content\/uploads\/2021\/03\/goszczynskiego_f_9_900_1.jpg 900w, https:\/\/www.galistra.pl\/wp-content\/uploads\/2021\/03\/goszczynskiego_f_9_900_1-768x469.jpg 768w\" sizes=\"auto, (max-width: 900px) 100vw, 900px\" \/><\/figure><\/li><\/ul><\/figure>\n<p>Wohngeb\u00e4ude mit einem Untergeschoss und vier oberirdischen Geschossen, erschlossen durch einen Aufzug und ein Stahlbetontreppenhaus. Das Tragwerk besteht aus Mauerwerksw\u00e4nden, St\u00fctzen und Stahlbetonwandscheiben. H\u00f6lzernes Pfettendach. Dachschr\u00e4gen aus keramischen Steinen. Auflagerung der Sparren au\u00dferhalb des Geb\u00e4udeumrisses auf Quadratrohren.    <\/p>\n","protected":false},"excerpt":{"rendered":"<p>UMFANG:Ausf\u00fchrungsplanung PARAMETER:Gesamtfl\u00e4che: 1 450 m2 PLANUNGSZEITRAUM:Ausf\u00fchrungsplanung: November 2014 &#8211; Februar 2015 ARCHITEKTUR:Przemys\u0142aw Stefanik ARCHITEKT Wohngeb\u00e4ude mit einem Untergeschoss und vier oberirdischen Geschossen, erschlossen durch einen Aufzug und ein Stahlbetontreppenhaus. Das Tragwerk besteht aus Mauerwerksw\u00e4nden, St\u00fctzen und Stahlbetonwandscheiben. H\u00f6lzernes Pfettendach. Dachschr\u00e4gen aus keramischen Steinen. Auflagerung der Sparren au\u00dferhalb des Geb\u00e4udeumrisses auf Quadratrohren.<\/p>\n","protected":false},"author":1,"featured_media":3713,"comment_status":"open","ping_status":"open","sticky":false,"template":"","format":"standard","meta":{"_acf_changed":false,"advgb_blocks_editor_width":"","advgb_blocks_columns_visual_guide":"","footnotes":""},"categories":[45],"tags":[],"class_list":["post-6135","post","type-post","status-publish","format-standard","has-post-thumbnail","hentry","category-projekte"],"acf":[],"aioseo_notices":[],"author_meta":{"display_name":"nf","author_link":"https:\/\/www.galistra.pl\/de\/author\/nf\/"},"featured_img":"https:\/\/www.galistra.pl\/wp-content\/uploads\/2021\/03\/goszczynskiego_f_2_900_1-1.jpg","coauthors":[],"tax_additional":{"categories":{"linked":["<a href=\"https:\/\/www.galistra.pl\/de\/kat\/projekte\/\" class=\"advgb-post-tax-term\">Projekte<\/a>"],"unlinked":["<span class=\"advgb-post-tax-term\">Projekte<\/span>"]}},"comment_count":"0","relative_dates":{"created":"Ver\u00f6ffentlicht 5\u00a0Jahren vor","modified":"Aktualisiert 5\u00a0Monaten vor"},"absolute_dates":{"created":"Ver\u00f6ffentlicht am 21 Januar 2021","modified":"Aktualisiert am 10 Dezember 2025"},"absolute_dates_time":{"created":"Ver\u00f6ffentlicht am 21 Januar 2021 17:53","modified":"Aktualisiert am 10 Dezember 2025 18:39"},"featured_img_caption":"","series_order":"","_links":{"self":[{"href":"https:\/\/www.galistra.pl\/de\/wp-json\/wp\/v2\/posts\/6135","targetHints":{"allow":["GET"]}}],"collection":[{"href":"https:\/\/www.galistra.pl\/de\/wp-json\/wp\/v2\/posts"}],"about":[{"href":"https:\/\/www.galistra.pl\/de\/wp-json\/wp\/v2\/types\/post"}],"author":[{"embeddable":true,"href":"https:\/\/www.galistra.pl\/de\/wp-json\/wp\/v2\/users\/1"}],"replies":[{"embeddable":true,"href":"https:\/\/www.galistra.pl\/de\/wp-json\/wp\/v2\/comments?post=6135"}],"version-history":[{"count":1,"href":"https:\/\/www.galistra.pl\/de\/wp-json\/wp\/v2\/posts\/6135\/revisions"}],"predecessor-version":[{"id":6136,"href":"https:\/\/www.galistra.pl\/de\/wp-json\/wp\/v2\/posts\/6135\/revisions\/6136"}],"wp:featuredmedia":[{"embeddable":true,"href":"https:\/\/www.galistra.pl\/de\/wp-json\/wp\/v2\/media\/3713"}],"wp:attachment":[{"href":"https:\/\/www.galistra.pl\/de\/wp-json\/wp\/v2\/media?parent=6135"}],"wp:term":[{"taxonomy":"category","embeddable":true,"href":"https:\/\/www.galistra.pl\/de\/wp-json\/wp\/v2\/categories?post=6135"},{"taxonomy":"post_tag","embeddable":true,"href":"https:\/\/www.galistra.pl\/de\/wp-json\/wp\/v2\/tags?post=6135"}],"curies":[{"name":"wp","href":"https:\/\/api.w.org\/{rel}","templated":true}]}}