{"id":6139,"date":"2021-01-20T17:36:46","date_gmt":"2021-01-20T16:36:46","guid":{"rendered":"https:\/\/www.galistra.pl\/unkategorisiert\/drei-wohngebaeude-in-koscielisko\/"},"modified":"2025-12-10T18:44:05","modified_gmt":"2025-12-10T17:44:05","slug":"drei-wohngebaeude-in-koscielisko","status":"publish","type":"post","link":"https:\/\/www.galistra.pl\/de\/projekte\/drei-wohngebaeude-in-koscielisko\/","title":{"rendered":"Drei Wohngeb\u00e4ude in Ko\u015bcielisko"},"content":{"rendered":"\n<p class=\"has-white-color has-cyan-bluish-gray-background-color has-text-color has-background\"><strong>UMFANG<\/strong>:<br\/>Baugenehmigungsplanung \/ Ausf\u00fchrungsplanung<\/p>\n\n<p class=\"has-white-color has-cyan-bluish-gray-background-color has-text-color has-background\"><strong>PARAMETER<\/strong>:<br\/>&#8211;<\/p>\n\n<p class=\"has-white-color has-cyan-bluish-gray-background-color has-text-color has-background\"><strong>PLANUNGSZEITRAUM<\/strong>:<br\/>Baugenehmigungsplanung: April 2018 \/ Ausf\u00fchrungsplanung: August 2018<\/p>\n\n<p class=\"has-white-color has-cyan-bluish-gray-background-color has-text-color has-background\"><strong>ARCHITEKTUR<\/strong>:<br\/>Karpiel Steindel Architektura<\/p>\n\n<figure class=\"wp-block-gallery columns-3 is-cropped wp-block-gallery-1\"><ul class=\"blocks-gallery-grid\"><li class=\"blocks-gallery-item\"><figure><img loading=\"lazy\" decoding=\"async\" width=\"900\" height=\"550\" src=\"https:\/\/www.galistra.pl\/wp-content\/uploads\/2021\/03\/3-budynki-mieszkalne-koscielisko_f_5_900_1.jpg\" alt=\"\" data-id=\"744\" data-link=\"https:\/\/www.galistra.pl\/?attachment_id=744\" class=\"wp-image-744\" srcset=\"https:\/\/www.galistra.pl\/wp-content\/uploads\/2021\/03\/3-budynki-mieszkalne-koscielisko_f_5_900_1.jpg 900w, https:\/\/www.galistra.pl\/wp-content\/uploads\/2021\/03\/3-budynki-mieszkalne-koscielisko_f_5_900_1-768x469.jpg 768w\" sizes=\"auto, (max-width: 900px) 100vw, 900px\" \/><\/figure><\/li><li class=\"blocks-gallery-item\"><figure><img loading=\"lazy\" decoding=\"async\" width=\"900\" height=\"550\" src=\"https:\/\/www.galistra.pl\/wp-content\/uploads\/2021\/03\/3-budynki-mieszkalne-koscielisko_f_4_900_1.jpg\" alt=\"\" data-id=\"745\" data-link=\"https:\/\/www.galistra.pl\/?attachment_id=745\" class=\"wp-image-745\" srcset=\"https:\/\/www.galistra.pl\/wp-content\/uploads\/2021\/03\/3-budynki-mieszkalne-koscielisko_f_4_900_1.jpg 900w, https:\/\/www.galistra.pl\/wp-content\/uploads\/2021\/03\/3-budynki-mieszkalne-koscielisko_f_4_900_1-768x469.jpg 768w\" sizes=\"auto, (max-width: 900px) 100vw, 900px\" \/><\/figure><\/li><li class=\"blocks-gallery-item\"><figure><img loading=\"lazy\" decoding=\"async\" width=\"900\" height=\"550\" src=\"https:\/\/www.galistra.pl\/wp-content\/uploads\/2021\/03\/3-budynki-mieszkalne-koscielisko_f_2_900_1.jpg\" alt=\"\" data-id=\"747\" data-link=\"https:\/\/www.galistra.pl\/?attachment_id=747\" class=\"wp-image-747\" srcset=\"https:\/\/www.galistra.pl\/wp-content\/uploads\/2021\/03\/3-budynki-mieszkalne-koscielisko_f_2_900_1.jpg 900w, https:\/\/www.galistra.pl\/wp-content\/uploads\/2021\/03\/3-budynki-mieszkalne-koscielisko_f_2_900_1-768x469.jpg 768w\" sizes=\"auto, (max-width: 900px) 100vw, 900px\" \/><\/figure><\/li><li class=\"blocks-gallery-item\"><figure><img loading=\"lazy\" decoding=\"async\" width=\"900\" height=\"550\" src=\"https:\/\/www.galistra.pl\/wp-content\/uploads\/2021\/03\/3-budynki-mieszkalne-koscielisko_f_1_900_1.jpg\" alt=\"\" data-id=\"748\" data-link=\"https:\/\/www.galistra.pl\/?attachment_id=748\" class=\"wp-image-748\" srcset=\"https:\/\/www.galistra.pl\/wp-content\/uploads\/2021\/03\/3-budynki-mieszkalne-koscielisko_f_1_900_1.jpg 900w, https:\/\/www.galistra.pl\/wp-content\/uploads\/2021\/03\/3-budynki-mieszkalne-koscielisko_f_1_900_1-768x469.jpg 768w\" sizes=\"auto, (max-width: 900px) 100vw, 900px\" \/><\/figure><\/li><li class=\"blocks-gallery-item\"><figure><img loading=\"lazy\" decoding=\"async\" width=\"900\" height=\"550\" src=\"https:\/\/www.galistra.pl\/wp-content\/uploads\/2021\/03\/3-budynki-mieszkalne-koscielisko_f_6_900_1.jpg\" alt=\"\" data-id=\"743\" data-link=\"https:\/\/www.galistra.pl\/?attachment_id=743\" class=\"wp-image-743\" srcset=\"https:\/\/www.galistra.pl\/wp-content\/uploads\/2021\/03\/3-budynki-mieszkalne-koscielisko_f_6_900_1.jpg 900w, https:\/\/www.galistra.pl\/wp-content\/uploads\/2021\/03\/3-budynki-mieszkalne-koscielisko_f_6_900_1-768x469.jpg 768w\" sizes=\"auto, (max-width: 900px) 100vw, 900px\" \/><\/figure><\/li><li class=\"blocks-gallery-item\"><figure><img loading=\"lazy\" decoding=\"async\" width=\"900\" height=\"550\" src=\"https:\/\/www.galistra.pl\/wp-content\/uploads\/2021\/03\/3-budynki-mieszkalne-koscielisko_f_3_900_1.jpg\" alt=\"\" data-id=\"746\" data-link=\"https:\/\/www.galistra.pl\/?attachment_id=746\" class=\"wp-image-746\" srcset=\"https:\/\/www.galistra.pl\/wp-content\/uploads\/2021\/03\/3-budynki-mieszkalne-koscielisko_f_3_900_1.jpg 900w, https:\/\/www.galistra.pl\/wp-content\/uploads\/2021\/03\/3-budynki-mieszkalne-koscielisko_f_3_900_1-768x469.jpg 768w\" sizes=\"auto, (max-width: 900px) 100vw, 900px\" \/><\/figure><\/li><li class=\"blocks-gallery-item\"><figure><img loading=\"lazy\" decoding=\"async\" width=\"900\" height=\"550\" src=\"https:\/\/www.galistra.pl\/wp-content\/uploads\/2021\/03\/3-budynki-mieszkalne-koscielisko_f_8_900_1.jpg\" alt=\"\" data-id=\"741\" data-link=\"https:\/\/www.galistra.pl\/?attachment_id=741\" class=\"wp-image-741\" srcset=\"https:\/\/www.galistra.pl\/wp-content\/uploads\/2021\/03\/3-budynki-mieszkalne-koscielisko_f_8_900_1.jpg 900w, https:\/\/www.galistra.pl\/wp-content\/uploads\/2021\/03\/3-budynki-mieszkalne-koscielisko_f_8_900_1-768x469.jpg 768w\" sizes=\"auto, (max-width: 900px) 100vw, 900px\" \/><\/figure><\/li><li class=\"blocks-gallery-item\"><figure><img loading=\"lazy\" decoding=\"async\" width=\"900\" height=\"550\" src=\"https:\/\/www.galistra.pl\/wp-content\/uploads\/2021\/03\/3-budynki-mieszkalne-koscielisko_f_10_900_1.jpg\" alt=\"\" data-id=\"739\" data-link=\"https:\/\/www.galistra.pl\/?attachment_id=739\" class=\"wp-image-739\" srcset=\"https:\/\/www.galistra.pl\/wp-content\/uploads\/2021\/03\/3-budynki-mieszkalne-koscielisko_f_10_900_1.jpg 900w, https:\/\/www.galistra.pl\/wp-content\/uploads\/2021\/03\/3-budynki-mieszkalne-koscielisko_f_10_900_1-768x469.jpg 768w\" sizes=\"auto, (max-width: 900px) 100vw, 900px\" \/><\/figure><\/li><li class=\"blocks-gallery-item\"><figure><img loading=\"lazy\" decoding=\"async\" width=\"900\" height=\"548\" src=\"https:\/\/www.galistra.pl\/wp-content\/uploads\/2021\/03\/3-budynki-mieszkalne-koscielisko_f_9_900_1.jpg\" alt=\"\" data-id=\"740\" data-link=\"https:\/\/www.galistra.pl\/?attachment_id=740\" class=\"wp-image-740 is-layout-flex wp-block-gallery-is-layout-flex\" srcset=\"https:\/\/www.galistra.pl\/wp-content\/uploads\/2021\/03\/3-budynki-mieszkalne-koscielisko_f_9_900_1.jpg 900w, https:\/\/www.galistra.pl\/wp-content\/uploads\/2021\/03\/3-budynki-mieszkalne-koscielisko_f_9_900_1-768x468.jpg 768w\" sizes=\"auto, (max-width: 900px) 100vw, 900px\" \/><\/figure><\/li><\/ul><\/figure>\n<p>Zwei der drei Geb\u00e4ude wurden eingeschossig geplant; die Gr\u00fcndung erfolgt \u00fcber Stahlbetonstreifenfundamente. Satteldach als h\u00f6lzerne Sparrenkonstruktion. Die Dachbinder lagern auf \u00e4u\u00dferen Drempelw\u00e4nden aus Stahlbeton auf.  <\/p>\n\n<p>Das dritte Geb\u00e4ude wurde dreigeschossig geplant. Die Gr\u00fcndung bilden ebenfalls Stahlbetonstreifenfundamente. Stahlbetondecke \u00fcber dem Erdgeschoss, Stahltreppe vom Erdgeschoss zum Obergeschoss. Die Verbindung der Dachgeschosse bildet ein verglaster Verbinder in Stahlkonstruktion.   <\/p>\n","protected":false},"excerpt":{"rendered":"<p>UMFANG:Baugenehmigungsplanung \/ Ausf\u00fchrungsplanung PARAMETER:&#8211; PLANUNGSZEITRAUM:Baugenehmigungsplanung: April 2018 \/ Ausf\u00fchrungsplanung: August 2018 ARCHITEKTUR:Karpiel Steindel Architektura Zwei der drei Geb\u00e4ude wurden eingeschossig geplant; die Gr\u00fcndung erfolgt \u00fcber Stahlbetonstreifenfundamente. Satteldach als h\u00f6lzerne Sparrenkonstruktion. Die Dachbinder lagern auf \u00e4u\u00dferen Drempelw\u00e4nden aus Stahlbeton auf. Das dritte Geb\u00e4ude wurde dreigeschossig geplant. Die Gr\u00fcndung bilden ebenfalls Stahlbetonstreifenfundamente. Stahlbetondecke \u00fcber dem Erdgeschoss, Stahltreppe [&hellip;]<\/p>\n","protected":false},"author":1,"featured_media":3651,"comment_status":"open","ping_status":"open","sticky":false,"template":"","format":"standard","meta":{"_acf_changed":false,"advgb_blocks_editor_width":"","advgb_blocks_columns_visual_guide":"","footnotes":""},"categories":[45],"tags":[],"class_list":["post-6139","post","type-post","status-publish","format-standard","has-post-thumbnail","hentry","category-projekte"],"acf":[],"aioseo_notices":[],"author_meta":{"display_name":"nf","author_link":"https:\/\/www.galistra.pl\/de\/author\/nf\/"},"featured_img":"https:\/\/www.galistra.pl\/wp-content\/uploads\/2021\/03\/3-budynki-mieszkalne-koscielisko_f_5_900_1.jpg","coauthors":[],"tax_additional":{"categories":{"linked":["<a href=\"https:\/\/www.galistra.pl\/de\/kat\/projekte\/\" class=\"advgb-post-tax-term\">Projekte<\/a>"],"unlinked":["<span class=\"advgb-post-tax-term\">Projekte<\/span>"]}},"comment_count":"0","relative_dates":{"created":"Ver\u00f6ffentlicht 5\u00a0Jahren vor","modified":"Aktualisiert 5\u00a0Monaten vor"},"absolute_dates":{"created":"Ver\u00f6ffentlicht am 20 Januar 2021","modified":"Aktualisiert am 10 Dezember 2025"},"absolute_dates_time":{"created":"Ver\u00f6ffentlicht am 20 Januar 2021 17:36","modified":"Aktualisiert am 10 Dezember 2025 18:44"},"featured_img_caption":"","series_order":"","_links":{"self":[{"href":"https:\/\/www.galistra.pl\/de\/wp-json\/wp\/v2\/posts\/6139","targetHints":{"allow":["GET"]}}],"collection":[{"href":"https:\/\/www.galistra.pl\/de\/wp-json\/wp\/v2\/posts"}],"about":[{"href":"https:\/\/www.galistra.pl\/de\/wp-json\/wp\/v2\/types\/post"}],"author":[{"embeddable":true,"href":"https:\/\/www.galistra.pl\/de\/wp-json\/wp\/v2\/users\/1"}],"replies":[{"embeddable":true,"href":"https:\/\/www.galistra.pl\/de\/wp-json\/wp\/v2\/comments?post=6139"}],"version-history":[{"count":1,"href":"https:\/\/www.galistra.pl\/de\/wp-json\/wp\/v2\/posts\/6139\/revisions"}],"predecessor-version":[{"id":6140,"href":"https:\/\/www.galistra.pl\/de\/wp-json\/wp\/v2\/posts\/6139\/revisions\/6140"}],"wp:featuredmedia":[{"embeddable":true,"href":"https:\/\/www.galistra.pl\/de\/wp-json\/wp\/v2\/media\/3651"}],"wp:attachment":[{"href":"https:\/\/www.galistra.pl\/de\/wp-json\/wp\/v2\/media?parent=6139"}],"wp:term":[{"taxonomy":"category","embeddable":true,"href":"https:\/\/www.galistra.pl\/de\/wp-json\/wp\/v2\/categories?post=6139"},{"taxonomy":"post_tag","embeddable":true,"href":"https:\/\/www.galistra.pl\/de\/wp-json\/wp\/v2\/tags?post=6139"}],"curies":[{"name":"wp","href":"https:\/\/api.w.org\/{rel}","templated":true}]}}