{"id":6143,"date":"2021-01-19T19:51:36","date_gmt":"2021-01-19T18:51:36","guid":{"rendered":"https:\/\/www.galistra.pl\/unkategorisiert\/villa-modern-in-zakopane\/"},"modified":"2025-12-10T19:27:58","modified_gmt":"2025-12-10T18:27:58","slug":"villa-modern-in-zakopane","status":"publish","type":"post","link":"https:\/\/www.galistra.pl\/de\/projekte\/villa-modern-in-zakopane\/","title":{"rendered":"Villa Modern in Zakopane"},"content":{"rendered":"\n<p class=\"has-white-color has-cyan-bluish-gray-background-color has-text-color has-background\"><strong>UMFANG<\/strong>:<br\/>Baugenehmigungsplanung \/ Ausf\u00fchrungsplanung<\/p>\n\n<p class=\"has-white-color has-cyan-bluish-gray-background-color has-text-color has-background\"><strong>PARAMETER<\/strong>:<br\/>&#8211;<\/p>\n\n<p class=\"has-white-color has-cyan-bluish-gray-background-color has-text-color has-background\"><strong>PLANUNGSZEITRAUM<\/strong>:<br\/>Baugenehmigungsplanung: November 2017 \/ Ausf\u00fchrungsplanung: Mai-Juli 2018<\/p>\n\n<p class=\"has-white-color has-cyan-bluish-gray-background-color has-text-color has-background\"><strong>ARCHITEKTUR<\/strong>:<br\/>Biuro Architektoniczne AMAR<\/p>\n\n<figure class=\"wp-block-gallery columns-3 is-cropped wp-block-gallery-1\"><ul class=\"blocks-gallery-grid\"><li class=\"blocks-gallery-item\"><figure><img loading=\"lazy\" decoding=\"async\" width=\"790\" height=\"530\" src=\"https:\/\/www.galistra.pl\/wp-content\/uploads\/2021\/08\/1021760125.jpg\" alt=\"\" data-id=\"1931\" data-link=\"https:\/\/www.galistra.pl\/projekty\/rezydencja-modern-zakopane\/attachment\/1021760125\/\" class=\"wp-image-1931\" srcset=\"https:\/\/www.galistra.pl\/wp-content\/uploads\/2021\/08\/1021760125.jpg 790w, https:\/\/www.galistra.pl\/wp-content\/uploads\/2021\/08\/1021760125-768x515.jpg 768w\" sizes=\"auto, (max-width: 790px) 100vw, 790px\" \/><\/figure><\/li><li class=\"blocks-gallery-item\"><figure><img loading=\"lazy\" decoding=\"async\" width=\"900\" height=\"550\" src=\"https:\/\/www.galistra.pl\/wp-content\/uploads\/2021\/03\/goszczynskiego-2_f_1_900_1.jpg\" alt=\"\" data-id=\"408\" data-link=\"https:\/\/www.galistra.pl\/?attachment_id=408\" class=\"wp-image-408\" srcset=\"https:\/\/www.galistra.pl\/wp-content\/uploads\/2021\/03\/goszczynskiego-2_f_1_900_1.jpg 900w, https:\/\/www.galistra.pl\/wp-content\/uploads\/2021\/03\/goszczynskiego-2_f_1_900_1-768x469.jpg 768w\" sizes=\"auto, (max-width: 900px) 100vw, 900px\" \/><\/figure><\/li><li class=\"blocks-gallery-item\"><figure><img loading=\"lazy\" decoding=\"async\" width=\"1000\" height=\"666\" src=\"https:\/\/www.galistra.pl\/wp-content\/uploads\/2021\/08\/rene-studio-renata-paluch-pokoje-15102-50.jpg\" alt=\"\" data-id=\"1932\" data-full-url=\"https:\/\/www.galistra.pl\/wp-content\/uploads\/2021\/08\/rene-studio-renata-paluch-pokoje-15102-50.jpg\" data-link=\"https:\/\/www.galistra.pl\/projekty\/rezydencja-modern-zakopane\/attachment\/rene-studio-renata-paluch-pokoje-15102-50\/\" class=\"wp-image-1932\" srcset=\"https:\/\/www.galistra.pl\/wp-content\/uploads\/2021\/08\/rene-studio-renata-paluch-pokoje-15102-50.jpg 1000w, https:\/\/www.galistra.pl\/wp-content\/uploads\/2021\/08\/rene-studio-renata-paluch-pokoje-15102-50-768x511.jpg 768w\" sizes=\"auto, (max-width: 1000px) 100vw, 1000px\" \/><\/figure><\/li><li class=\"blocks-gallery-item\"><figure><img loading=\"lazy\" decoding=\"async\" width=\"900\" height=\"550\" src=\"https:\/\/www.galistra.pl\/wp-content\/uploads\/2021\/03\/goszczynskiego-2_f_6_900_1.jpg\" alt=\"\" data-id=\"403\" data-link=\"https:\/\/www.galistra.pl\/?attachment_id=403\" class=\"wp-image-403\" srcset=\"https:\/\/www.galistra.pl\/wp-content\/uploads\/2021\/03\/goszczynskiego-2_f_6_900_1.jpg 900w, https:\/\/www.galistra.pl\/wp-content\/uploads\/2021\/03\/goszczynskiego-2_f_6_900_1-768x469.jpg 768w\" sizes=\"auto, (max-width: 900px) 100vw, 900px\" \/><\/figure><\/li><li class=\"blocks-gallery-item\"><figure><img loading=\"lazy\" decoding=\"async\" width=\"900\" height=\"550\" src=\"https:\/\/www.galistra.pl\/wp-content\/uploads\/2021\/03\/goszczynskiego-2_f_4_900_1.jpg\" alt=\"\" data-id=\"405\" data-link=\"https:\/\/www.galistra.pl\/?attachment_id=405\" class=\"wp-image-405\" srcset=\"https:\/\/www.galistra.pl\/wp-content\/uploads\/2021\/03\/goszczynskiego-2_f_4_900_1.jpg 900w, https:\/\/www.galistra.pl\/wp-content\/uploads\/2021\/03\/goszczynskiego-2_f_4_900_1-768x469.jpg 768w\" sizes=\"auto, (max-width: 900px) 100vw, 900px\" \/><\/figure><\/li><li class=\"blocks-gallery-item\"><figure><img loading=\"lazy\" decoding=\"async\" width=\"900\" height=\"550\" src=\"https:\/\/www.galistra.pl\/wp-content\/uploads\/2021\/03\/goszczynskiego-2_f_3_900_1.jpg\" alt=\"\" data-id=\"406\" data-link=\"https:\/\/www.galistra.pl\/?attachment_id=406\" class=\"wp-image-406 is-layout-flex wp-block-gallery-is-layout-flex\" srcset=\"https:\/\/www.galistra.pl\/wp-content\/uploads\/2021\/03\/goszczynskiego-2_f_3_900_1.jpg 900w, https:\/\/www.galistra.pl\/wp-content\/uploads\/2021\/03\/goszczynskiego-2_f_3_900_1-768x469.jpg 768w\" sizes=\"auto, (max-width: 900px) 100vw, 900px\" \/><\/figure><\/li><\/ul><\/figure>\n<p>Der Umfang der vorliegenden Bearbeitung umfasst die statischen Berechnungen der Tragwerkselemente f\u00fcr die Erweiterung und Aufstockung eines als Pension vorgesehenen Geb\u00e4udes.<\/p>\n\n<p>Das Geb\u00e4ude wurde f\u00fcnfgeschossig geplant, davon ein Untergeschoss sowie vier oberirdische Geschosse. Die tragenden Elemente des Untergeschosses sind Stahlbetonw\u00e4nde. Die tragenden Elemente der oberirdischen Geschosse bestehen aus Stahlbeton- und Mauerwerksw\u00e4nden, Stahlbetonst\u00fctzen sowie Stahlst\u00fctzen. Alle Decken sind aus Stahlbeton. Dach in Form eines Flachdachs.    <\/p>\n","protected":false},"excerpt":{"rendered":"<p>UMFANG:Baugenehmigungsplanung \/ Ausf\u00fchrungsplanung PARAMETER:&#8211; PLANUNGSZEITRAUM:Baugenehmigungsplanung: November 2017 \/ Ausf\u00fchrungsplanung: Mai-Juli 2018 ARCHITEKTUR:Biuro Architektoniczne AMAR Der Umfang der vorliegenden Bearbeitung umfasst die statischen Berechnungen der Tragwerkselemente f\u00fcr die Erweiterung und Aufstockung eines als Pension vorgesehenen Geb\u00e4udes. Das Geb\u00e4ude wurde f\u00fcnfgeschossig geplant, davon ein Untergeschoss sowie vier oberirdische Geschosse. Die tragenden Elemente des Untergeschosses sind Stahlbetonw\u00e4nde. Die [&hellip;]<\/p>\n","protected":false},"author":1,"featured_media":3163,"comment_status":"open","ping_status":"open","sticky":false,"template":"","format":"standard","meta":{"_acf_changed":false,"advgb_blocks_editor_width":"","advgb_blocks_columns_visual_guide":"","footnotes":""},"categories":[45],"tags":[],"class_list":["post-6143","post","type-post","status-publish","format-standard","has-post-thumbnail","hentry","category-projekte"],"acf":[],"aioseo_notices":[],"author_meta":{"display_name":"nf","author_link":"https:\/\/www.galistra.pl\/de\/author\/nf\/"},"featured_img":"https:\/\/www.galistra.pl\/wp-content\/uploads\/2021\/03\/goszczynskiego-2_f_1_900_1.jpg","coauthors":[],"tax_additional":{"categories":{"linked":["<a href=\"https:\/\/www.galistra.pl\/de\/kat\/projekte\/\" class=\"advgb-post-tax-term\">Projekte<\/a>"],"unlinked":["<span class=\"advgb-post-tax-term\">Projekte<\/span>"]}},"comment_count":"0","relative_dates":{"created":"Ver\u00f6ffentlicht 5\u00a0Jahren vor","modified":"Aktualisiert 5\u00a0Monaten vor"},"absolute_dates":{"created":"Ver\u00f6ffentlicht am 19 Januar 2021","modified":"Aktualisiert am 10 Dezember 2025"},"absolute_dates_time":{"created":"Ver\u00f6ffentlicht am 19 Januar 2021 19:51","modified":"Aktualisiert am 10 Dezember 2025 19:27"},"featured_img_caption":"","series_order":"","_links":{"self":[{"href":"https:\/\/www.galistra.pl\/de\/wp-json\/wp\/v2\/posts\/6143","targetHints":{"allow":["GET"]}}],"collection":[{"href":"https:\/\/www.galistra.pl\/de\/wp-json\/wp\/v2\/posts"}],"about":[{"href":"https:\/\/www.galistra.pl\/de\/wp-json\/wp\/v2\/types\/post"}],"author":[{"embeddable":true,"href":"https:\/\/www.galistra.pl\/de\/wp-json\/wp\/v2\/users\/1"}],"replies":[{"embeddable":true,"href":"https:\/\/www.galistra.pl\/de\/wp-json\/wp\/v2\/comments?post=6143"}],"version-history":[{"count":1,"href":"https:\/\/www.galistra.pl\/de\/wp-json\/wp\/v2\/posts\/6143\/revisions"}],"predecessor-version":[{"id":6144,"href":"https:\/\/www.galistra.pl\/de\/wp-json\/wp\/v2\/posts\/6143\/revisions\/6144"}],"wp:featuredmedia":[{"embeddable":true,"href":"https:\/\/www.galistra.pl\/de\/wp-json\/wp\/v2\/media\/3163"}],"wp:attachment":[{"href":"https:\/\/www.galistra.pl\/de\/wp-json\/wp\/v2\/media?parent=6143"}],"wp:term":[{"taxonomy":"category","embeddable":true,"href":"https:\/\/www.galistra.pl\/de\/wp-json\/wp\/v2\/categories?post=6143"},{"taxonomy":"post_tag","embeddable":true,"href":"https:\/\/www.galistra.pl\/de\/wp-json\/wp\/v2\/tags?post=6143"}],"curies":[{"name":"wp","href":"https:\/\/api.w.org\/{rel}","templated":true}]}}