{"id":6147,"date":"2021-01-18T17:41:57","date_gmt":"2021-01-18T16:41:57","guid":{"rendered":"https:\/\/www.galistra.pl\/unkategorisiert\/luxury-house-spa-in-koscielisko\/"},"modified":"2025-12-10T19:34:07","modified_gmt":"2025-12-10T18:34:07","slug":"luxury-house-spa-in-koscielisko","status":"publish","type":"post","link":"https:\/\/www.galistra.pl\/de\/projekte\/luxury-house-spa-in-koscielisko\/","title":{"rendered":"Luxury House &amp; Spa in Ko\u015bcielisko"},"content":{"rendered":"\n<p class=\"has-white-color has-cyan-bluish-gray-background-color has-text-color has-background\"><strong>UMFANG<\/strong>:<br\/>Baugenehmigungsplanung \/ Ausf\u00fchrungsplanung<\/p>\n\n<p class=\"has-white-color has-cyan-bluish-gray-background-color has-text-color has-background\"><strong>PARAMETER<\/strong>:<br\/>&#8211;<\/p>\n\n<p class=\"has-white-color has-cyan-bluish-gray-background-color has-text-color has-background\"><strong>PLANUNGSZEITRAUM<\/strong>:<br\/>Baugenehmigungsplanung: Mai 2018 \/ Ausf\u00fchrungsplanung: Juli-August 2018<\/p>\n\n<p class=\"has-white-color has-cyan-bluish-gray-background-color has-text-color has-background\"><strong>ARCHITEKTUR<\/strong>:<br\/>Karpiel Steindel Architektura<\/p>\n\n<figure class=\"wp-block-gallery columns-3 is-cropped wp-block-gallery-1\"><ul class=\"blocks-gallery-grid\"><li class=\"blocks-gallery-item\"><figure><img loading=\"lazy\" decoding=\"async\" width=\"900\" height=\"550\" src=\"https:\/\/www.galistra.pl\/wp-content\/uploads\/2021\/03\/badura-grodecki_f_10_900_1.jpg\" alt=\"\" data-id=\"753\" data-full-url=\"https:\/\/www.galistra.pl\/wp-content\/uploads\/2021\/03\/badura-grodecki_f_10_900_1.jpg\" data-link=\"https:\/\/www.galistra.pl\/?attachment_id=753\" class=\"wp-image-753\" srcset=\"https:\/\/www.galistra.pl\/wp-content\/uploads\/2021\/03\/badura-grodecki_f_10_900_1.jpg 900w, https:\/\/www.galistra.pl\/wp-content\/uploads\/2021\/03\/badura-grodecki_f_10_900_1-768x469.jpg 768w\" sizes=\"auto, (max-width: 900px) 100vw, 900px\" \/><\/figure><\/li><li class=\"blocks-gallery-item\"><figure><img loading=\"lazy\" decoding=\"async\" width=\"900\" height=\"553\" src=\"https:\/\/www.galistra.pl\/wp-content\/uploads\/2021\/03\/badura-grodecki_f_9_900_1.jpg\" alt=\"\" data-id=\"754\" data-full-url=\"https:\/\/www.galistra.pl\/wp-content\/uploads\/2021\/03\/badura-grodecki_f_9_900_1.jpg\" data-link=\"https:\/\/www.galistra.pl\/?attachment_id=754\" class=\"wp-image-754\" srcset=\"https:\/\/www.galistra.pl\/wp-content\/uploads\/2021\/03\/badura-grodecki_f_9_900_1.jpg 900w, https:\/\/www.galistra.pl\/wp-content\/uploads\/2021\/03\/badura-grodecki_f_9_900_1-768x472.jpg 768w\" sizes=\"auto, (max-width: 900px) 100vw, 900px\" \/><\/figure><\/li><li class=\"blocks-gallery-item\"><figure><img loading=\"lazy\" decoding=\"async\" width=\"900\" height=\"550\" src=\"https:\/\/www.galistra.pl\/wp-content\/uploads\/2021\/03\/badura-grodecki_f_8_900_1.jpg\" alt=\"\" data-id=\"755\" data-full-url=\"https:\/\/www.galistra.pl\/wp-content\/uploads\/2021\/03\/badura-grodecki_f_8_900_1.jpg\" data-link=\"https:\/\/www.galistra.pl\/?attachment_id=755\" class=\"wp-image-755\" srcset=\"https:\/\/www.galistra.pl\/wp-content\/uploads\/2021\/03\/badura-grodecki_f_8_900_1.jpg 900w, https:\/\/www.galistra.pl\/wp-content\/uploads\/2021\/03\/badura-grodecki_f_8_900_1-768x469.jpg 768w\" sizes=\"auto, (max-width: 900px) 100vw, 900px\" \/><\/figure><\/li><li class=\"blocks-gallery-item\"><figure><img loading=\"lazy\" decoding=\"async\" width=\"900\" height=\"550\" src=\"https:\/\/www.galistra.pl\/wp-content\/uploads\/2021\/03\/badura-grodecki_f_7_900_1.jpg\" alt=\"\" data-id=\"756\" data-full-url=\"https:\/\/www.galistra.pl\/wp-content\/uploads\/2021\/03\/badura-grodecki_f_7_900_1.jpg\" data-link=\"https:\/\/www.galistra.pl\/?attachment_id=756\" class=\"wp-image-756\" srcset=\"https:\/\/www.galistra.pl\/wp-content\/uploads\/2021\/03\/badura-grodecki_f_7_900_1.jpg 900w, https:\/\/www.galistra.pl\/wp-content\/uploads\/2021\/03\/badura-grodecki_f_7_900_1-768x469.jpg 768w\" sizes=\"auto, (max-width: 900px) 100vw, 900px\" \/><\/figure><\/li><li class=\"blocks-gallery-item\"><figure><img loading=\"lazy\" decoding=\"async\" width=\"900\" height=\"550\" src=\"https:\/\/www.galistra.pl\/wp-content\/uploads\/2021\/03\/badura-grodecki_f_6_900_1.jpg\" alt=\"\" data-id=\"757\" data-full-url=\"https:\/\/www.galistra.pl\/wp-content\/uploads\/2021\/03\/badura-grodecki_f_6_900_1.jpg\" data-link=\"https:\/\/www.galistra.pl\/?attachment_id=757\" class=\"wp-image-757\" srcset=\"https:\/\/www.galistra.pl\/wp-content\/uploads\/2021\/03\/badura-grodecki_f_6_900_1.jpg 900w, https:\/\/www.galistra.pl\/wp-content\/uploads\/2021\/03\/badura-grodecki_f_6_900_1-768x469.jpg 768w\" sizes=\"auto, (max-width: 900px) 100vw, 900px\" \/><\/figure><\/li><li class=\"blocks-gallery-item\"><figure><img loading=\"lazy\" decoding=\"async\" width=\"900\" height=\"550\" src=\"https:\/\/www.galistra.pl\/wp-content\/uploads\/2021\/03\/badura-grodecki_f_5_900_1.jpg\" alt=\"\" data-id=\"758\" data-full-url=\"https:\/\/www.galistra.pl\/wp-content\/uploads\/2021\/03\/badura-grodecki_f_5_900_1.jpg\" data-link=\"https:\/\/www.galistra.pl\/?attachment_id=758\" class=\"wp-image-758\" srcset=\"https:\/\/www.galistra.pl\/wp-content\/uploads\/2021\/03\/badura-grodecki_f_5_900_1.jpg 900w, https:\/\/www.galistra.pl\/wp-content\/uploads\/2021\/03\/badura-grodecki_f_5_900_1-768x469.jpg 768w\" sizes=\"auto, (max-width: 900px) 100vw, 900px\" \/><\/figure><\/li><li class=\"blocks-gallery-item\"><figure><img loading=\"lazy\" decoding=\"async\" width=\"900\" height=\"550\" src=\"https:\/\/www.galistra.pl\/wp-content\/uploads\/2021\/03\/badura-grodecki_f_4_900_1.jpg\" alt=\"\" data-id=\"759\" data-full-url=\"https:\/\/www.galistra.pl\/wp-content\/uploads\/2021\/03\/badura-grodecki_f_4_900_1.jpg\" data-link=\"https:\/\/www.galistra.pl\/?attachment_id=759\" class=\"wp-image-759\" srcset=\"https:\/\/www.galistra.pl\/wp-content\/uploads\/2021\/03\/badura-grodecki_f_4_900_1.jpg 900w, https:\/\/www.galistra.pl\/wp-content\/uploads\/2021\/03\/badura-grodecki_f_4_900_1-768x469.jpg 768w\" sizes=\"auto, (max-width: 900px) 100vw, 900px\" \/><\/figure><\/li><li class=\"blocks-gallery-item\"><figure><img loading=\"lazy\" decoding=\"async\" width=\"900\" height=\"550\" src=\"https:\/\/www.galistra.pl\/wp-content\/uploads\/2021\/03\/badura-grodecki_f_3_900_1.jpg\" alt=\"\" data-id=\"760\" data-full-url=\"https:\/\/www.galistra.pl\/wp-content\/uploads\/2021\/03\/badura-grodecki_f_3_900_1.jpg\" data-link=\"https:\/\/www.galistra.pl\/?attachment_id=760\" class=\"wp-image-760\" srcset=\"https:\/\/www.galistra.pl\/wp-content\/uploads\/2021\/03\/badura-grodecki_f_3_900_1.jpg 900w, https:\/\/www.galistra.pl\/wp-content\/uploads\/2021\/03\/badura-grodecki_f_3_900_1-768x469.jpg 768w\" sizes=\"auto, (max-width: 900px) 100vw, 900px\" \/><\/figure><\/li><li class=\"blocks-gallery-item\"><figure><img loading=\"lazy\" decoding=\"async\" width=\"900\" height=\"550\" src=\"https:\/\/www.galistra.pl\/wp-content\/uploads\/2021\/03\/badura-grodecki_f_2_900_1.jpg\" alt=\"\" data-id=\"761\" data-full-url=\"https:\/\/www.galistra.pl\/wp-content\/uploads\/2021\/03\/badura-grodecki_f_2_900_1.jpg\" data-link=\"https:\/\/www.galistra.pl\/?attachment_id=761\" class=\"wp-image-761 is-layout-flex wp-block-gallery-is-layout-flex\" srcset=\"https:\/\/www.galistra.pl\/wp-content\/uploads\/2021\/03\/badura-grodecki_f_2_900_1.jpg 900w, https:\/\/www.galistra.pl\/wp-content\/uploads\/2021\/03\/badura-grodecki_f_2_900_1-768x469.jpg 768w\" sizes=\"auto, (max-width: 900px) 100vw, 900px\" \/><\/figure><\/li><\/ul><\/figure>\n<p>Die Geb\u00e4ude wurden zweigeschossig geplant, mit Erdgeschoss und ausgebautem Dachgeschoss. Zugang zur Terrasse vom Erdgeschoss. Die Gr\u00fcndung bilden Stahlbetoneinzel- und -streifenfundamente. Das Tragwerk f\u00fcr die Bodenplatte im Wohnbereich besteht aus einem System von Fundamentw\u00e4nden und betongef\u00fcllten Stahlst\u00fctzen. Die tragenden Elemente f\u00fcr die Decke \u00fcber dem Erdgeschoss bilden Mauerwerksw\u00e4nde mit abschlie\u00dfendem Stahlbetonringanker sowie Stahlbetonst\u00fctzen. Stahlbetondecke \u00fcber dem Erdgeschoss. Stahltreppe vom Erdgeschoss zum Obergeschoss. Satteldach als h\u00f6lzerne Sparrenkonstruktion.       <\/p>\n","protected":false},"excerpt":{"rendered":"<p>UMFANG:Baugenehmigungsplanung \/ Ausf\u00fchrungsplanung PARAMETER:&#8211; PLANUNGSZEITRAUM:Baugenehmigungsplanung: Mai 2018 \/ Ausf\u00fchrungsplanung: Juli-August 2018 ARCHITEKTUR:Karpiel Steindel Architektura Die Geb\u00e4ude wurden zweigeschossig geplant, mit Erdgeschoss und ausgebautem Dachgeschoss. Zugang zur Terrasse vom Erdgeschoss. Die Gr\u00fcndung bilden Stahlbetoneinzel- und -streifenfundamente. Das Tragwerk f\u00fcr die Bodenplatte im Wohnbereich besteht aus einem System von Fundamentw\u00e4nden und betongef\u00fcllten Stahlst\u00fctzen. Die tragenden Elemente f\u00fcr [&hellip;]<\/p>\n","protected":false},"author":1,"featured_media":3675,"comment_status":"open","ping_status":"open","sticky":false,"template":"","format":"standard","meta":{"_acf_changed":false,"advgb_blocks_editor_width":"","advgb_blocks_columns_visual_guide":"","footnotes":""},"categories":[45],"tags":[],"class_list":["post-6147","post","type-post","status-publish","format-standard","has-post-thumbnail","hentry","category-projekte"],"acf":[],"aioseo_notices":[],"author_meta":{"display_name":"nf","author_link":"https:\/\/www.galistra.pl\/de\/author\/nf\/"},"featured_img":"https:\/\/www.galistra.pl\/wp-content\/uploads\/2021\/03\/badura-grodecki_f_4_900_1.jpg","coauthors":[],"tax_additional":{"categories":{"linked":["<a href=\"https:\/\/www.galistra.pl\/de\/kat\/projekte\/\" class=\"advgb-post-tax-term\">Projekte<\/a>"],"unlinked":["<span class=\"advgb-post-tax-term\">Projekte<\/span>"]}},"comment_count":"0","relative_dates":{"created":"Ver\u00f6ffentlicht 5\u00a0Jahren vor","modified":"Aktualisiert 5\u00a0Monaten vor"},"absolute_dates":{"created":"Ver\u00f6ffentlicht am 18 Januar 2021","modified":"Aktualisiert am 10 Dezember 2025"},"absolute_dates_time":{"created":"Ver\u00f6ffentlicht am 18 Januar 2021 17:41","modified":"Aktualisiert am 10 Dezember 2025 19:34"},"featured_img_caption":"","series_order":"","_links":{"self":[{"href":"https:\/\/www.galistra.pl\/de\/wp-json\/wp\/v2\/posts\/6147","targetHints":{"allow":["GET"]}}],"collection":[{"href":"https:\/\/www.galistra.pl\/de\/wp-json\/wp\/v2\/posts"}],"about":[{"href":"https:\/\/www.galistra.pl\/de\/wp-json\/wp\/v2\/types\/post"}],"author":[{"embeddable":true,"href":"https:\/\/www.galistra.pl\/de\/wp-json\/wp\/v2\/users\/1"}],"replies":[{"embeddable":true,"href":"https:\/\/www.galistra.pl\/de\/wp-json\/wp\/v2\/comments?post=6147"}],"version-history":[{"count":1,"href":"https:\/\/www.galistra.pl\/de\/wp-json\/wp\/v2\/posts\/6147\/revisions"}],"predecessor-version":[{"id":6148,"href":"https:\/\/www.galistra.pl\/de\/wp-json\/wp\/v2\/posts\/6147\/revisions\/6148"}],"wp:featuredmedia":[{"embeddable":true,"href":"https:\/\/www.galistra.pl\/de\/wp-json\/wp\/v2\/media\/3675"}],"wp:attachment":[{"href":"https:\/\/www.galistra.pl\/de\/wp-json\/wp\/v2\/media?parent=6147"}],"wp:term":[{"taxonomy":"category","embeddable":true,"href":"https:\/\/www.galistra.pl\/de\/wp-json\/wp\/v2\/categories?post=6147"},{"taxonomy":"post_tag","embeddable":true,"href":"https:\/\/www.galistra.pl\/de\/wp-json\/wp\/v2\/tags?post=6147"}],"curies":[{"name":"wp","href":"https:\/\/api.w.org\/{rel}","templated":true}]}}